{"id":984,"date":"2022-05-18T18:16:24","date_gmt":"2022-05-18T16:16:24","guid":{"rendered":"https:\/\/ambsantasede.esteri.it\/news\/dall_ambasciata\/2022\/05\/master-in-management-e-dottrina_0\/"},"modified":"2022-05-18T18:16:24","modified_gmt":"2022-05-18T16:16:24","slug":"master-in-management-e-dottrina_0","status":"publish","type":"post","link":"https:\/\/ambsantasede.esteri.it\/it\/news\/dall_ambasciata\/2022\/05\/master-in-management-e-dottrina_0\/","title":{"rendered":"Master in Management delle Organizzazioni e Dottrina Sociale della Chiesa dell\u2019Universit\u00e0 di Roma \u201cTor Vergata\u201d &#8211; Inaugurazione della V Edizione &#8220;Una nuova visione dello sviluppo: le sfide e il coraggio Persone, imprenditori, organizzazioni&#8221;"},"content":{"rendered":"<p style=\"text-align: justify;\">Venerd\u00ec 20 maggio 2022 ore 12:00 in collaborazione con l\u2019Ambasciata d\u2019Italia presso la Santa Sede si svolger\u00e0 la <strong>giornata inaugurale della V Edizione del Master in Management delle Organizzazioni e Dottrina Sociale della Chiesa promosso dall\u2019Universit\u00e0 degli Studi di Roma \u201cTor Vergata\u201d<\/strong>. L\u2019evento si terr\u00e0 nel bellissimo chiostro di Palazzo Borromeo sede dell\u2019Ambasciata. <strong>\u201cUna nuova visione dello sviluppo: le sfide e il coraggio. Persone, imprenditori, organizzazioni\u201d<\/strong> \u00e8 il tema della riflessione che verr\u00e0 animata da protagonisti del mondo accademico, delle imprese e delle istituzioni.<\/p>\n<p style=\"text-align: justify;\"><em>\u201cL\u2019impegno per lo sviluppo ci coinvolge tutti, come singoli e come organizzazioni dell\u2019economia e della societ\u00e0 e ci richiede un approccio che non pu\u00f2 che essere di tipo integrale, il che vuol dire porre l\u2019uomo al centro dello sviluppo. Il sentiero \u00e8 stretto ma percorribile e la Dottrina Sociale della Chiesa \u00e8 uno strumento preziosissimo di orientamento\u201d<\/em>, sottolinea Orazio Schillaci, Rettore dell\u2019Universit\u00e0 degli studi di Roma \u201cTor Vergata\u201d.<\/p>\n<p style=\"text-align: justify;\">L\u2019evento rappresenta un\u2019opportunit\u00e0 di confronto e formazione da un punto di vista etico e culturale alla luce degli insegnamenti e dei principi della Dottrina Sociale della Chiesa nel quadro delle sfide complesse che abbiamo davanti e che richiedono nuove valide forme di impegno per costruire una nuova visione dell\u2019economia e della societ\u00e0.<\/p>\n<p style=\"text-align: justify;\"><em>\u201c\u00c8 in atto una nuova generazione di imprenditori e manager coraggiosi capaci cio\u00e8 di affrontare qualsivoglia impresa con mente lucida e con quella forza d\u2019animo che serve per guardare alle conseguenze delle proprie scelte sugli altri e non solo ai propri interessi egoistici. La sfida di oggi \u00e8 promuoverne la diffusione nel mondo per fare del bene comune il punto di forza di uno sviluppo umano che sia davvero integrale\u201d<\/em>, afferma Paola Paniccia, Ordinario di Economia e Gestione delle Imprese nell\u2019Universit\u00e0 di Roma \u201cTor Vergata\u201d, Coordinatore del Master.<\/p>\n<p style=\"text-align: justify;\">Il Master rappresenta un\u2019evoluzione del Corso di Perfezionamento in \u201cDottrina Sociale della Chiesa per lo sviluppo economico e sociale\u201d attivato nell\u2019anno accademico 2013\/2014 ed \u00e8 l\u2019unico nel panorama degli Atenei laici in Italia e in Europa sui temi della Dottrina Sociale della Chiesa applicati all\u2019Economia e al Management e che attribuisce 60 crediti universitari. Obiettivo del Master \u00e8 formare figure professionali in grado di mettersi al servizio della societ\u00e0 civile ricoprendo ruoli di responsabilit\u00e0 nel governo e nella gestione di organizzazioni complesse, con particolare riferimento alle imprese e alle amministrazioni pubbliche.<\/p>\n<p style=\"text-align: justify;\"><em>\u201cIl nostro Master punta su una formazione interdisciplinare e olistica, il pi\u00f9 possibile concreta, capace cio\u00e8 di coniugare sapere tecnico e specialistico con valori morali e umani, restituendo un senso etico al management\u201d<\/em>, evidenzia Silvia Baiocco, Ricercatore in Economia e Gestione delle Imprese nell\u2019Universit\u00e0 di Roma \u201cTor Vergata\u201d, Program Manager del Master.<\/p>\n<p style=\"text-align: justify;\">Il Master ha durata annuale e si articola in 6 insegnamenti che prevedono momenti di interazione in aula, seminari, workshop e testimonianze. Completa la formazione lo stage di 400 ore presso svariate imprese profit e no-profit, enti pubblici, associazioni e altre organizzazioni del Terzo settore, come un\u2019opportunit\u00e0 concreata di avvicinamento al mercato del lavoro.<\/p>\n<p style=\"text-align: justify;\">Il corpo docenti del Master \u00e8 composto da oltre 80 persone tra professori e ricercatori provenienti dalle diverse aree disciplinari dell\u2019Ateneo di Roma \u201cTor Vergata\u201d e docenti di altri Atenei, imprenditori, manager ed esperti anche religiosi di elevato profilo.<\/p>\n<p style=\"text-align: justify;\">\u00c8 possibile ricevere maggiori informazioni sul Master scrivendo a <a href=\"mailto:dottrinasociale@uniroma2.it\">dottrinasociale@uniroma2.it<\/a>, visitando il sito internet <a href=\"http:\/\/www.modsc.uniroma2.it\">http:\/\/www.modsc.uniroma2.it<\/a>, la pagina Facebook <a href=\"https:\/\/www.facebook.com\/MODSCTORVERGATA\">@MODSCTORVERGATA<\/a> e LinkedIn <a href=\"https:\/\/www.linkedin.com\/company\/75734153\/admin\/\">https:\/\/www.linkedin.com\/company\/75734153\/admin\/<\/a>.<\/p>\n<p style=\"text-align: justify;\">Interverranno alla giornata inaugurale: Francesco Di Nitto (Ambasciatore d\u2019Italia presso la Santa Sede), S.E. Rev.ma Monsignor Paolo Selvadagi (Vescovo ausiliare di Roma), Orazio Schillaci (Magnifico Rettore, Universit\u00e0 degli Studi di Roma \u201cTor Vergata\u201d), Lucia Leonelli (Preside della Facolt\u00e0 Economia, Universit\u00e0 di Roma \u201cTor Vergata\u201d), Paola Paniccia (Prof. di Economia e Gestione delle Imprese, Coordinatore del Master, Universit\u00e0 di Roma \u201cTor Vergata), Marcella Mallen (Presidente di ASviS), Paolo Papanti-Pelletier (Giudice SCV gi\u00e0 Ordinario di Diritto Civile Universit\u00e0 di Roma \u201cTor Vergata\u201d), Leonardo Becchetti (Prof. di Economia Politica, Universit\u00e0 di Roma \u201cTor Vergata\u201d), Giorgio Gulienetti (Presidente UCID Sezione di Roma), Lidia Borz\u00ec (Presidente ACLI di Roma), Francesco Saverio Mennini (Prof. di Economia Politica, Universit\u00e0 di Roma \u201cTor Vergata\u201d, Presidente Sihta), Eugenio Fatigante (giornalista di \u201cAvvenire\u201d), Fabiola Massa (Prof. di Diritto Commerciale, Universit\u00e0 di Roma \u201cTor Vergata\u201d), Silvia Baiocco (Ricercatore in Economia e Gestione delle Imprese, Program Manager Master, Universit\u00e0 di Roma \u201cTor Vergata\u201d), Padre Mauro Oliva (Cappellano agli Enti di Ricerca del Ministero dell\u2019Universit\u00e0 e Ricerca).<\/p>\n<p style=\"text-align: justify;\">Invieranno un messaggio: Elena Bonetti (Ministra per le pari opportunit\u00e0 e la famiglia), Enrico Giovannini (Ministro delle Infrastrutture e della Mobilit\u00e0 Sostenibili).<\/p>\n<p style=\"text-align: justify;\">L\u2019evento pu\u00f2 essere seguito in diretta Facebook sulla pagina dell\u2019Ambasciata d\u2019Italia presso la Santa Sede <a href=\"https:\/\/www.facebook.com\/ItalyToHolySee\/\">@ItalyToHolySee<\/a> e del Master MODSC <a href=\"https:\/\/www.facebook.com\/MODSCTORVERGATA\">@MODSCTORVERGATA<\/a>.\u00a0 <\/p>\n<p style=\"text-align: justify;\">\u00a0<\/p>\n<p style=\"text-align: justify;\"><img loading=\"lazy\" decoding=\"async\" style=\"margin: 9px 20px 9px 0px; float: right;\" src=\"resource\/img\/2022\/05\/maeci-ambasciata-italia-v-it-02-01.png\" alt=\"maeci ambasciata italia v it 02 01\" width=\"200\" height=\"185\" \/><\/p>\n<p style=\"text-align: justify;\">\u00a0\u00a0\u00a0\u00a0\u00a0 <img loading=\"lazy\" decoding=\"async\" style=\"margin: 9px 0px 9px 40px; float: left;\" src=\"resource\/img\/2022\/05\/logo-modsc-uniroma_40ennal.png\" alt=\"logo modsc uniroma 40ennal\" width=\"300\" height=\"162\" \/><\/p>\n","protected":false},"excerpt":{"rendered":"Venerd\u00ec 20 maggio 2022 ore 12:00 in collaborazione con l\u2019Ambasciata d\u2019Italia presso la Santa Sede si svolger\u00e0 la giornata inaugurale della V Edizione del Master in Management delle Organizzazioni e Dottrina Sociale della Chiesa promosso dall\u2019Universit\u00e0 degli Studi di Roma \u201cTor Vergata\u201d. L\u2019evento si terr\u00e0 nel bellissimo chiostro di Palazzo Borromeo sede dell\u2019Ambasciata. \u201cUna nuova [&hellip;]","protected":false},"author":1,"featured_media":0,"comment_status":"","ping_status":"","sticky":false,"template":"","format":"standard","meta":{"footnotes":""},"tags":[],"class_list":["post-984","post","type-post","status-publish","format-standard","hentry"],"_links":{"self":[{"href":"https:\/\/ambsantasede.esteri.it\/it\/wp-json\/wp\/v2\/posts\/984","targetHints":{"allow":["GET"]}}],"collection":[{"href":"https:\/\/ambsantasede.esteri.it\/it\/wp-json\/wp\/v2\/posts"}],"about":[{"href":"https:\/\/ambsantasede.esteri.it\/it\/wp-json\/wp\/v2\/types\/post"}],"author":[{"embeddable":true,"href":"https:\/\/ambsantasede.esteri.it\/it\/wp-json\/wp\/v2\/users\/1"}],"replies":[{"embeddable":true,"href":"https:\/\/ambsantasede.esteri.it\/it\/wp-json\/wp\/v2\/comments?post=984"}],"version-history":[{"count":0,"href":"https:\/\/ambsantasede.esteri.it\/it\/wp-json\/wp\/v2\/posts\/984\/revisions"}],"wp:attachment":[{"href":"https:\/\/ambsantasede.esteri.it\/it\/wp-json\/wp\/v2\/media?parent=984"}],"wp:term":[{"taxonomy":"post_tag","embeddable":true,"href":"https:\/\/ambsantasede.esteri.it\/it\/wp-json\/wp\/v2\/tags?post=984"}],"curies":[{"name":"wp","href":"https:\/\/api.w.org\/{rel}","templated":true}]}}