{"id":972,"date":"2022-05-26T12:11:31","date_gmt":"2022-05-26T10:11:31","guid":{"rendered":"https:\/\/ambsantasede.esteri.it\/news\/dall_ambasciata\/2022\/05\/roma-nel-mondo-1955-1960-i-cinegiornali\/"},"modified":"2022-05-26T12:11:31","modified_gmt":"2022-05-26T10:11:31","slug":"roma-nel-mondo-1955-1960-i-cinegiornali","status":"publish","type":"post","link":"https:\/\/ambsantasede.esteri.it\/it\/news\/dall_ambasciata\/2022\/05\/roma-nel-mondo-1955-1960-i-cinegiornali\/","title":{"rendered":"\u201cRoma nel mondo\u201d (1955-1960), i cinegiornali S. Paolo e il pontificato globale di Pio XII"},"content":{"rendered":"<p style=\"text-align: justify;\">Gioved\u00ec 19 maggio 2022 alle ore 10.30, si \u00e8 tenuto a Palazzo Borromeo l\u2019evento <em><strong>\u201cRoma nel mondo\u201d (1955-1960), i cinegiornali S. Paolo e il pontificato glibale di Pio XII<\/strong><\/em> in collaborazione con il <strong>Centro di ricerca CAST (Catholicism and Audiovisual Studies) dell\u2019Universit\u00e0 UniNettuno<\/strong>.<\/p>\n<p style=\"text-align: justify;\">Lo scopo del convegno \u00e8 stato quello di presentare il minuzioso progetto elaborato dall\u2019Universit\u00e0 UniNettuno, sostenuto dalla SIAE e svolto in partenariato con l\u2019Archivio Storico Luce, la Direzione Generale Cinema e Audiovisivo del Ministero della Cultura e la Societ\u00e0 San Paolo, mediante il quale \u00e8 stato possibile riscoprire e digitalizzare i cinegiornali San Paolo, realizzati tra il 1955 e il 1960.<\/p>\n<p style=\"text-align: justify;\">Introdotto dai saluti istituzionali dell\u2019Ambasciatore Francesco di Nitto e moderato da Mons. Dario Edoardo Vigan\u00f2 (Vice Cancelliere della Pontificia Accademia delle Scienze e della Pontificia Accademia delle Scienze Sociali), l\u2019evento \u00e8 stato animato dalle riflessioni di Gianluca della Maggiore (Direttore Centro \u201cCatholicism and Audiovisual Studies\u201d di UniNettuno), Patrizia Severi (Centro \u201cCatholicism and Audiovisual Studies\u201d Universit\u00e0 UniNettuno), Enrico Bufalini (Direttore Archivio Storico Istituto Luce Cinecitt\u00e0) e Antonella Pagliarulo (Regesta.exe).<\/p>\n<p style=\"text-align: justify;\">Emblematici dell\u2019incontro tra la Chiesa e il mondo dell\u2019audiovisivo, i cinegiornali forniscono una cronaca degli avvenimenti dei cattolici in tutto il mondo e del <strong>pontificato di Pio XII<\/strong>, costituendo, pertanto, un patrimonio di grande rilievo storico, artistico e culturale. A sottolineare l\u2019importanza storica dei cinegiornali \u00e8 stato il Direttore del Centro \u201cCatholicism and Audiovisual Studies\u201d di UniNettuno Gianluca della Maggiore, il cui intervento, intervallato dalla visione di tre cinegiornali, ha messo in luce il ruolo di questi ultimi come testimoni della vocazione universale del pontificato di Pio XII e della sua volont\u00e0 di unire tradizione (la Chiesa Cattolica) e modernit\u00e0 (il mondo del cinema), nonch\u00e9 della sua idea di cinema come mezzo funzionale alla propagazione globale del cattolicesimo.<\/p>\n<p style=\"text-align: justify;\">In seguito, \u00e8 stata evidenziata una tematica tanto fondamentale quanto attuale: la digitalizzazione. Come notato dalla dott.ssa Patrizia Severi, la digitalizzazione non \u00e8 pi\u00f9 una scelta, ma \u00e8 \u201cparte integrante di un processo di trasformazione che riguarda la collettivit\u00e0\u201d e che coinvolge qualsiasi settore, compreso quello del patrimonio culturale. Questo processo \u00e8, tuttavia, complesso, poich\u00e9 per mettere a disposizione contenuti di qualit\u00e0 \u00e8 necessario che si definiscano approcci condivisi per individuare e definire metodologie di carattere scientifico.<\/p>\n<p style=\"text-align: justify;\">Le metodologie in questione si applicano <em>in primis<\/em> al processo di creazione di una banca dati. Nel suo intervento, la dott.ssa Antonella Pagliarulo della societ\u00e0 Regesta, creatrice del portale CAST \u2013 Catholicism and Audiovisual Studies, ne ha illustrato il funzionamento sottolineandone l\u2019idea alla base: \u201ccomunicare, far fruire e rendere condivisibile un patrimonio\u201d in un\u2019ottica di inclusione e apertura.<\/p>\n<p style=\"text-align: justify;\">Infine, le riflessioni del Direttore dell\u2019Archivio Storico Istituto Luce Cinecitt\u00e0 Enrico Bufalini hanno sottolineato la rilevanza culturale dei cinegiornali \u201cRoma nel mondo\u201d per l\u2019Istituto Luce. L\u2019archivio Luce \u00e8, infatti, un archivio poliedrico, ricco di contenuti di vario tipo che racchiude in s\u00e9 arte, storia, cultura, politica ed attualit\u00e0.<\/p>\n<p style=\"text-align: justify;\">\u00a0<\/p>\n<p style=\"text-align: justify;\"><img loading=\"lazy\" decoding=\"async\" style=\"display: block; margin-left: auto; margin-right: auto;\" src=\"resource\/img\/2022\/05\/di_nitto_3.jpg\" alt=\"di nitto 3\" width=\"550\" height=\"309\" \/><\/p>\n<p style=\"text-align: justify;\">\u00a0<\/p>\n","protected":false},"excerpt":{"rendered":"Gioved\u00ec 19 maggio 2022 alle ore 10.30, si \u00e8 tenuto a Palazzo Borromeo l\u2019evento \u201cRoma nel mondo\u201d (1955-1960), i cinegiornali S. Paolo e il pontificato glibale di Pio XII in collaborazione con il Centro di ricerca CAST (Catholicism and Audiovisual Studies) dell\u2019Universit\u00e0 UniNettuno. Lo scopo del convegno \u00e8 stato quello di presentare il minuzioso progetto [&hellip;]","protected":false},"author":1,"featured_media":0,"comment_status":"","ping_status":"","sticky":false,"template":"","format":"standard","meta":{"footnotes":""},"tags":[],"class_list":["post-972","post","type-post","status-publish","format-standard","hentry"],"_links":{"self":[{"href":"https:\/\/ambsantasede.esteri.it\/it\/wp-json\/wp\/v2\/posts\/972","targetHints":{"allow":["GET"]}}],"collection":[{"href":"https:\/\/ambsantasede.esteri.it\/it\/wp-json\/wp\/v2\/posts"}],"about":[{"href":"https:\/\/ambsantasede.esteri.it\/it\/wp-json\/wp\/v2\/types\/post"}],"author":[{"embeddable":true,"href":"https:\/\/ambsantasede.esteri.it\/it\/wp-json\/wp\/v2\/users\/1"}],"replies":[{"embeddable":true,"href":"https:\/\/ambsantasede.esteri.it\/it\/wp-json\/wp\/v2\/comments?post=972"}],"version-history":[{"count":0,"href":"https:\/\/ambsantasede.esteri.it\/it\/wp-json\/wp\/v2\/posts\/972\/revisions"}],"wp:attachment":[{"href":"https:\/\/ambsantasede.esteri.it\/it\/wp-json\/wp\/v2\/media?parent=972"}],"wp:term":[{"taxonomy":"post_tag","embeddable":true,"href":"https:\/\/ambsantasede.esteri.it\/it\/wp-json\/wp\/v2\/tags?post=972"}],"curies":[{"name":"wp","href":"https:\/\/api.w.org\/{rel}","templated":true}]}}