{"id":918,"date":"2022-07-29T11:53:47","date_gmt":"2022-07-29T09:53:47","guid":{"rendered":"https:\/\/ambsantasede.esteri.it\/news\/dall_ambasciata\/2022\/07\/evento-donne-che-fanno-la-differenza\/"},"modified":"2022-07-29T11:53:47","modified_gmt":"2022-07-29T09:53:47","slug":"evento-donne-che-fanno-la-differenza","status":"publish","type":"post","link":"https:\/\/ambsantasede.esteri.it\/it\/news\/dall_ambasciata\/2022\/07\/evento-donne-che-fanno-la-differenza\/","title":{"rendered":"Evento \u201cDonne che fanno la differenza\u201d in collaborazione con la Fondazione Marisa Bellisario"},"content":{"rendered":"<p style=\"text-align: justify;\">Gioved\u00ec 21 luglio si \u00e8 tenuto a Palazzo Borromeo l\u2019evento <em><strong>\u201cDonne che fanno la differenza&#8221;<\/strong><\/em> in collaborazione con la <a href=\"https:\/\/www.fondazionebellisario.org\/\"><strong>Fondazione Marisa Bellisario<\/strong><\/a>.<\/p>\n<p style=\"text-align: justify;\">All&#8217;evento, aperto dai saluti istituzionali dell&#8217;Ambasciatore Francesco Di Nitto, ampio spazio \u00e8 stato dedicato al dialogo tra donne che hanno raggiunto importanti traguardi nelle proprie carriere professionali, tanto da arrivare a ricoprire posizioni di vertice nel campo istituzionale e dell\u2019imprenditoria: <strong>Barbara Jatta<\/strong>, Direttore dei Musei Vaticani; <strong>Gabriella Palmieri Sandulli<\/strong>, Avvocato Generale dello Stato; <strong>Simonetta Matone<\/strong>, gi\u00e0 Sostituto Procuratore Generale presso la Corte d\u2019Appello di Roma; <strong>Olga Urbani<\/strong>, Amministratore Delegato di Urbani Tartufi. Tra le ospiti della serata vi era anche la giovane scienziata e ricercatrice <strong>Teresa Fornaro<\/strong>, prima e unica italiana scelta dalla Nasa per guidare uno dei tre gruppi di ricerca di Perseverance, la sonda arrivata su Marte. Il dibattito \u00e8 stato moderato da <strong>Silvia Vaccarezza<\/strong>, giornalista del TG2.<\/p>\n<p style=\"text-align: justify;\">Come ha ricordato <strong>la Presidente Lella Golfo<\/strong> nel suo intervento, la Fondazione Marisa Bellisario opera da 34 anni con la missione di valorizzare il merito e il talento delle donne, sensibilizzando il mondo dell\u2019economia e delle istituzioni al raggiungimento di condizioni di reali pari opportunit\u00e0. A tal fine, ha istituito il Premio &#8220;Mela d&#8217;Oro&#8221;, assegnato ogni anno alle donne distintesi nella professione, nel management, nell&#8217;economia e nel sociale a livello nazionale ed internazionale. Donne che sono diventate dei veri e propri <em>role model<\/em> per le nuove generazioni.<\/p>\n<p style=\"text-align: justify;\">Nel corso del dibattitto sono stati riconosciuti i notevoli passi in avanti verso la parit\u00e0 di genere compiuti negli ultimi anni, ma si \u00e8 concordato sulla necessit\u00e0 di rimuovere gli ostacoli che tuttora impediscono il raggiungimento di una completa realizzazione in campo professionale: la partecipazione femminile nel mercato del lavoro risulta essere minore rispetto a quella maschile, specialmente in campo scientifico. Si \u00e8 concordato, inoltre, che l\u2019<em>empowerment<\/em> femminile rappresenta un\u2019opportunit\u00e0 di sviluppo per il Paese e di crescita culturale per la societ\u00e0.<\/p>\n<p style=\"text-align: justify;\">\u00c8 stata sottolineata anche l\u2019importanza che il tema della partecipazione femminile riveste per l\u2019attuale pontificato e per il percorso di apertura alle donne che la Chiesa stessa sta seguendo sotto l\u2019impulso di Papa Francesco. Papa Francesco ha nominato per la prima volta una donna come direttrice dei Musei Vaticani e, pi\u00f9 di recente, tre donne \u2013 di cui una laica &#8211; come membri del Dicastero per i Vescovi: esse saranno coinvolte nel processo di selezione dei nuovi pastori diocesani.<\/p>\n<p style=\"text-align: justify;\">L&#8217;evento \u00e8 stato trasmesso in diretta sulla nostra Pagina Facebook. Per rivedere il video <a href=\"https:\/\/www.facebook.com\/ItalyToHolySee\/videos\/429633935752151\">clicca qui<\/a>.<\/p>\n<p style=\"text-align: justify;\">\u00a0<\/p>\n<p style=\"text-align: justify;\"><img loading=\"lazy\" decoding=\"async\" style=\"display: block; margin-left: auto; margin-right: auto;\" src=\"resource\/img\/2022\/07\/relatrici_golfo.png\" alt=\"relatrici golfo\" width=\"550\" height=\"316\" \/><\/p>\n<p style=\"text-align: justify;\"><img loading=\"lazy\" decoding=\"async\" style=\"display: block; margin-left: auto; margin-right: auto;\" src=\"resource\/img\/2022\/07\/locandina_evento_21_luglio.jpg\" alt=\"locandina evento 21 luglio\" width=\"550\" height=\"309\" \/><\/p>\n<p style=\"text-align: justify;\">\u00a0<\/p>\n","protected":false},"excerpt":{"rendered":"Gioved\u00ec 21 luglio si \u00e8 tenuto a Palazzo Borromeo l\u2019evento \u201cDonne che fanno la differenza&#8221; in collaborazione con la Fondazione Marisa Bellisario. All&#8217;evento, aperto dai saluti istituzionali dell&#8217;Ambasciatore Francesco Di Nitto, ampio spazio \u00e8 stato dedicato al dialogo tra donne che hanno raggiunto importanti traguardi nelle proprie carriere professionali, tanto da arrivare a ricoprire posizioni [&hellip;]","protected":false},"author":1,"featured_media":0,"comment_status":"","ping_status":"","sticky":false,"template":"","format":"standard","meta":{"footnotes":""},"tags":[],"class_list":["post-918","post","type-post","status-publish","format-standard","hentry"],"_links":{"self":[{"href":"https:\/\/ambsantasede.esteri.it\/it\/wp-json\/wp\/v2\/posts\/918","targetHints":{"allow":["GET"]}}],"collection":[{"href":"https:\/\/ambsantasede.esteri.it\/it\/wp-json\/wp\/v2\/posts"}],"about":[{"href":"https:\/\/ambsantasede.esteri.it\/it\/wp-json\/wp\/v2\/types\/post"}],"author":[{"embeddable":true,"href":"https:\/\/ambsantasede.esteri.it\/it\/wp-json\/wp\/v2\/users\/1"}],"replies":[{"embeddable":true,"href":"https:\/\/ambsantasede.esteri.it\/it\/wp-json\/wp\/v2\/comments?post=918"}],"version-history":[{"count":0,"href":"https:\/\/ambsantasede.esteri.it\/it\/wp-json\/wp\/v2\/posts\/918\/revisions"}],"wp:attachment":[{"href":"https:\/\/ambsantasede.esteri.it\/it\/wp-json\/wp\/v2\/media?parent=918"}],"wp:term":[{"taxonomy":"post_tag","embeddable":true,"href":"https:\/\/ambsantasede.esteri.it\/it\/wp-json\/wp\/v2\/tags?post=918"}],"curies":[{"name":"wp","href":"https:\/\/api.w.org\/{rel}","templated":true}]}}