{"id":905,"date":"2022-08-03T10:04:13","date_gmt":"2022-08-03T08:04:13","guid":{"rendered":"https:\/\/ambsantasede.esteri.it\/news\/dall_ambasciata\/2022\/08\/presentazione-del-libro-di-eugenio\/"},"modified":"2022-08-03T10:04:13","modified_gmt":"2022-08-03T08:04:13","slug":"presentazione-del-libro-di-eugenio","status":"publish","type":"post","link":"https:\/\/ambsantasede.esteri.it\/it\/news\/dall_ambasciata\/2022\/08\/presentazione-del-libro-di-eugenio\/","title":{"rendered":"Presentazione del libro di Eugenio Mazzarella \u201cEuropa, cristianesimo, geopolitica. Il ruolo geopolitico dello \u00abspazio\u00bb cristiano\u201d (Mimesis Edizioni)."},"content":{"rendered":"<p style=\"text-align: justify;\">Luned\u00ec 25 luglio si \u00e8 svolta, a Palazzo Borromeo, la <strong>presentazione del libro di Eugenio Mazzarella \u201cEuropa, cristianesimo, geopolitica. Il ruolo geopolitico dello \u00abspazio\u00bb cristiano\u201d<\/strong> (Mimesis Edizioni).<\/p>\n<p style=\"text-align: justify;\">Dopo i saluti dell&#8217;Ambasciatore Francesco Di Nitto, sono intervenuti, oltre all\u2019autore, il Presidente della Corte Costituzionale <strong>Giuliano Amato<\/strong> e il Rettore dell\u2019Universit\u00e0 LUMSA <strong>Francesco Bonini<\/strong>. Il dibattito \u00e8 stato moderato dal giornalista e scrittore <strong>Claudio Sardo<\/strong>.<\/p>\n<p style=\"text-align: justify;\">Alla luce dell&#8217;evoluzione dei processi di globalizzazione, dell\u2019avanzare della secolarizzazione e dell\u2019incontro, sempre pi\u00f9 frequente, di culture e religioni differenti, appare necessario ridefinire un ruolo globale dell\u2019Europa che faccia del dialogo e della cooperazione tra popoli i principi ispiratori del proprio modus operandi. All\u2019interno della sua opera, guidata dal messaggio innovatore di Papa Francesco, l\u2019autore ha identificato come possibile punto di partenza le radici cristiane dell\u2019Europa e il tessuto valoriale che le contraddistingue.<\/p>\n<p style=\"text-align: justify;\">Nel corso del dibattito \u00e8 emersa, dunque, l\u2019esigenza di partire dal passato per costruire un futuro sostenibile e all\u2019altezza delle nuove sfide globali. Come sottolineato dal Presidente Giuliano Amato nel suo intervento, ci\u00f2 che ha reso l\u2019Europa un baluardo dei diritti sono proprio le sue origini cristiane: il ruolo centrale della persona e il riconoscimento della sua dignit\u00e0, fondamenta del pluralismo europeo, erano, difatti, gi\u00e0 presenti nella tradizione canonista, cos\u00ec come il senso di comune appartenenza alla medesima \u201cfamiglia umana\u201d.<\/p>\n<p style=\"text-align: justify;\">\u00c8 stato, inoltre, evidenziato come i valori cristiani &#8211; ecologia integrale, cooperazione tra i popoli, giustizia \u2013 nonch\u00e9 l\u2019agenda globale proposta da Papa Francesco possano rappresentare una valida alternativa al paradigma neoliberista. Nella prospettiva di un incontro tra passato e futuro, i partecipanti hanno convenuto sulla necessit\u00e0 di incentivare politiche pubbliche volte a migliorare la situazione demografica dell&#8217;Europa.<\/p>\n<p>L&#8217;evento \u00e8 stato trasmesso in diretta sulla nostra Pagina Facebook. Per rivedere il video <a href=\"https:\/\/www.facebook.com\/ItalyToHolySee\/videos\/1175646503283037\">clicca qui<\/a>.<\/p>\n<p>\u00a0<\/p>\n<p><img loading=\"lazy\" decoding=\"async\" style=\"display: block; margin-left: auto; margin-right: auto;\" src=\"resource\/img\/2022\/08\/composizione.jpg\" alt=\"composizione\" width=\"600\" height=\"600\" \/><\/p>\n<p style=\"text-align: justify;\">\u00a0<\/p>\n","protected":false},"excerpt":{"rendered":"Luned\u00ec 25 luglio si \u00e8 svolta, a Palazzo Borromeo, la presentazione del libro di Eugenio Mazzarella \u201cEuropa, cristianesimo, geopolitica. Il ruolo geopolitico dello \u00abspazio\u00bb cristiano\u201d (Mimesis Edizioni). Dopo i saluti dell&#8217;Ambasciatore Francesco Di Nitto, sono intervenuti, oltre all\u2019autore, il Presidente della Corte Costituzionale Giuliano Amato e il Rettore dell\u2019Universit\u00e0 LUMSA Francesco Bonini. Il dibattito \u00e8 [&hellip;]","protected":false},"author":1,"featured_media":0,"comment_status":"","ping_status":"","sticky":false,"template":"","format":"standard","meta":{"footnotes":""},"tags":[],"class_list":["post-905","post","type-post","status-publish","format-standard","hentry"],"_links":{"self":[{"href":"https:\/\/ambsantasede.esteri.it\/it\/wp-json\/wp\/v2\/posts\/905","targetHints":{"allow":["GET"]}}],"collection":[{"href":"https:\/\/ambsantasede.esteri.it\/it\/wp-json\/wp\/v2\/posts"}],"about":[{"href":"https:\/\/ambsantasede.esteri.it\/it\/wp-json\/wp\/v2\/types\/post"}],"author":[{"embeddable":true,"href":"https:\/\/ambsantasede.esteri.it\/it\/wp-json\/wp\/v2\/users\/1"}],"replies":[{"embeddable":true,"href":"https:\/\/ambsantasede.esteri.it\/it\/wp-json\/wp\/v2\/comments?post=905"}],"version-history":[{"count":0,"href":"https:\/\/ambsantasede.esteri.it\/it\/wp-json\/wp\/v2\/posts\/905\/revisions"}],"wp:attachment":[{"href":"https:\/\/ambsantasede.esteri.it\/it\/wp-json\/wp\/v2\/media?parent=905"}],"wp:term":[{"taxonomy":"post_tag","embeddable":true,"href":"https:\/\/ambsantasede.esteri.it\/it\/wp-json\/wp\/v2\/tags?post=905"}],"curies":[{"name":"wp","href":"https:\/\/api.w.org\/{rel}","templated":true}]}}