{"id":837,"date":"2023-02-08T18:50:45","date_gmt":"2023-02-08T17:50:45","guid":{"rendered":"https:\/\/ambsantasede.esteri.it\/news\/dall_ambasciata\/2023\/02\/new-perspectives-for-a-strategy\/"},"modified":"2023-12-06T13:06:32","modified_gmt":"2023-12-06T12:06:32","slug":"new-perspectives-for-a-strategy","status":"publish","type":"post","link":"https:\/\/ambsantasede.esteri.it\/it\/news\/dall_ambasciata\/2023\/02\/new-perspectives-for-a-strategy\/","title":{"rendered":"New perspectives for a strategy on child dignity in the digital world: evento organizzato a Palazzo Borromeo con Telefono Azzurro in occasione del Safer Internet Day"},"content":{"rendered":"<p style=\"text-align: justify;\">Nella ricorrenza dei venti anni del <strong><em>Safer Internet Day<\/em><\/strong>, questa Ambasciata ha ospitato nel Salone della Loggia di Palazzo Borromeo l\u2019evento <em><strong>New perspectives for a strategy on child dignity in the digital world<\/strong><\/em>. L\u2019incontro, tenutosi nel pomeriggio del 7 febbraio, \u00e8 inserito nel contesto delle iniziative promosse da <strong>Telefono Azzurro<\/strong> per la celebrazione del <em>Safer Internet Day<\/em>, dal titolo Verso un\u2019Agenda Digitale per l\u2019infanzia e l\u2019adolescenza.<\/p>\n<p style=\"text-align: justify;\">L\u2019obiettivo di questo incontro \u00e8 stato quello di promuovere un confronto tra diversi attori istituzionali e sociali, nella prospettiva di favorire una cultura diffusa della responsabilit\u00e0 nel mondo digitale e della tutela dei diritti dei minori online, alla luce del contesto normativo nazionale ed europeo. Nel corso della manifestazione, sono state analizzate le nuove frontiere della prevenzione e della protezione dei minori in rete, onde assicurare l\u2019implementazione di ulteriori azioni concrete ai fini della piena effettivit\u00e0 dei diritti dei minori. \u00c8 stata sottolineata, inoltre, l\u2019importanza cruciale di un approccio olistico di fronte alle sfide del mondo digitale, costruendo un\u2019alleanza globale tra attori istituzionali, agenzie educative, comunit\u00e0 religiose, ONG, imprese e piattaforme digitali nel nome dei valori comuni della dignit\u00e0 della persona umana e dei diritti del fanciullo. \u00c8 stato altres\u00ec evidenziato il continuo impegno del Governo italiano nella tutela dei minori e nella promozione di una cultura globale della dignit\u00e0 umana. Ancora, \u00e8 emersa la necessit\u00e0 di affrontare in maniera strategica la tematica della tutela dei minori in rete nei fora internazionali e, in particolare, in occasione del prossimo G20.<\/p>\n<p style=\"text-align: justify;\">La sessione \u00e8 stata moderata da <strong>Emilio Puccio<\/strong>, Segretario Generale dell\u2019Intergruppo sui diritti dei minori al Parlamento Europeo, ed \u00e8 stata aperta dai saluti dell\u2019Ambasciatore Francesco Di Nitto, e dall\u2019introduzione del Prof. <strong>Ernesto Caffo<\/strong>, Fondatore e Presidente di Telefono Azzurro e membro della Commissione Pontificia per la Tutela dei Minori.<\/p>\n<p style=\"text-align: justify;\">Nel suo saluto istituzionale, l\u2019Ambasciatore Di Nitto ha sottolineato l\u2019importanza della celebrazione del Safer Internet Day, giunto ormai alla ventesima edizione, e ha messo in luce la questione del paradigma tecnologico come sfida per le comunit\u00e0 del ventunesimo secolo.<\/p>\n<p style=\"text-align: justify;\">Tra gli interventi, si segnalano quelli del <strong>Ministro delle imprese e del <em>Made in Italy<\/em>, Adolfo Urso<\/strong>, e della <strong>Ministra per la famiglia, la natalit\u00e0 e le pari opportunit\u00e0, Eugenia Maria Roccella<\/strong> (quest\u2019ultima tramite videomessaggio). Il Ministro Urso ha evidenziato le sfide poste dalla moltiplicazione dei mezzi di comunicazione e dalla transizione digitale, che offrono molteplici opportunit\u00e0 ma, al contempo, situazioni di rischio e di vulnerabilit\u00e0, che richiedono un approccio basato su di un equilibrato binomio libert\u00e0-responsabilit\u00e0; \u00e8 stato altres\u00ec annunciato dal Ministro l\u2019avvio di un tavolo di confronto con gli operatori del settore digitale per l\u2019individuazione di ulteriori soluzioni concrete per la tutela dei minori. La Ministra Roccella ha posto l\u2019accento sulla necessit\u00e0 di promuovere una cultura della responsabilit\u00e0 e della consapevolezza nel mondo digitale e ha invocato l\u2019impegno di tutte le agenzie educative, anche in relazione ai temi specifici del contrasto al cyberbullismo e alla pedopornografia, ribadendo l\u2019impegno a tutto tondo del Governo nella tutela dei diritti dei minori e nell\u2019affrontare la sfida della nuova \u201cpovert\u00e0 educativa\u201d.<\/p>\n<p style=\"text-align: justify;\">Nel dibattito sono intervenuti anche diversi esponenti del mondo istituzionale, sociale, economico, accademico e religioso: <strong>Caterina Chinnici<\/strong>, Membro del Parlamento Europeo, Cofondatrice e Copresidente al Parlamento Europeo dell\u2019Intergruppo per i diritti dei minori; <strong>Anna Maria Corazza Bildt<\/strong>, gi\u00e0 Membro del Parlamento Europeo e attuale Presidente di <em>Missing Children Europe<\/em>; <strong>Antonella Sciarrone Alibrandi<\/strong>, Sottosegretario del Dicastero vaticano per la Cultura e l\u2019Educazione; <strong>Adrien Taquet<\/strong> (da remoto), gi\u00e0 Ministro per l\u2019Infanzia e le Famiglie della Repubblica Francese; <strong>Jan Arne Bj\u00f6rklund<\/strong>, Ambasciatore del Regno di Svezia in Italia; <strong>Fabio Pompei<\/strong>, CEO di <em>Deloitte Central Mediterranean<\/em>; <strong>Agostino Ghiglia<\/strong>, componente dell\u2019Autorit\u00e0 Garante per la protezione dei dati personali; <strong>Allashukur Pashazadeh<\/strong>, Leader spirituale dei musulmani in Azerbaigian e Caucaso e Membro del Consiglio Musulmano degli anziani; <strong>Ernie Allen Obe<\/strong> (da remoto), Presidente di <em>We PROTECT Global Alliance<\/em>; <strong>Joanna Rubinstein<\/strong> (da remoto), gi\u00e0 Presidente e CEO di <em>Childhood USA<\/em> e <em>UN Broadband Commissioner Alumna<\/em>; <strong>Maria Lucia Uribe Torres<\/strong> (da remoto), Direttore Esecutivo di <em>Arigatou International Geneva<\/em>; <strong>Michele Colajanni<\/strong>, Professore Ordinario di Sistemi di Elaborazione delle Informazioni (Ingegneria Informatica) presso l\u2019Universit\u00e0 di Bologna <em>Alma Mater Studiorum<\/em>; <strong>David Miles<\/strong> (da remoto), Responsabile della <em>Safety Policy<\/em> di META.<\/p>\n<p style=\"text-align: justify;\">Da parte vaticana, la Prof.ssa <strong>Antonella Sciarrone Alibrandi<\/strong>, Sottosegretario del Dicastero per la Cultura e l\u2019Educazione, ha messo in luce la necessit\u00e0 di costruire un\u2019alleanza strutturale tra i diversi attori per la protezione della dignit\u00e0 dei minori e ha invocato una cornice normativa globale per la prevenzione dei rischi in rete. \u00c8 stata altres\u00ec sottolineata la rilevanza fondamentale della cultura e dell\u2019educazione come vettori di diffusione della consapevolezza della dignit\u00e0 umana come valore universale.<\/p>\n<p style=\"text-align: justify;\">Nell\u2019incontro \u00e8 stata ribadita, dunque, grazie alla ricorrenza del <em>Safer Internet Day<\/em> \u2013 pensata dalla Commissione Europea come occasione per la sensibilizzazione dell\u2019opinione pubblica sull\u2019utilizzo consapevole e responsabile di Internet \u2013 , l\u2019intenzione di tutti gli attori coinvolti di collaborare in maniera continua e proficua per promuovere un\u2019agenda digitale per l\u2019infanzia e l\u2019adolescenza e per favorire l\u2019avanzamento dei sistemi di tutela dei minori.<\/p>\n<p style=\"text-align: justify;\">Per il programma completo, si rinvia a <a href=\"https:\/\/azzurro.it\/7-febbraio-2023-verso-unagenda-digitale-per-linfanzia-e-ladolescenza\/\">https:\/\/azzurro.it\/7-febbraio-2023-verso-unagenda-digitale-per-linfanzia-e-ladolescenza\/<\/a><\/p>\n<p style=\"text-align: justify;\"><img loading=\"lazy\" decoding=\"async\" style=\"display: block; margin-left: auto; margin-right: auto;\" src=\"resource\/img\/2023\/02\/img_20230207_165423526.jpg\" alt=\"img 20230207 165423526\" width=\"600\" height=\"337\" \/><\/p>\n","protected":false},"excerpt":{"rendered":"Nella ricorrenza dei venti anni del Safer Internet Day, questa Ambasciata ha ospitato nel Salone della Loggia di Palazzo Borromeo l\u2019evento New perspectives for a strategy on child dignity in the digital world. L\u2019incontro, tenutosi nel pomeriggio del 7 febbraio, \u00e8 inserito nel contesto delle iniziative promosse da Telefono Azzurro per la celebrazione del Safer [&hellip;]","protected":false},"author":1,"featured_media":0,"comment_status":"closed","ping_status":"closed","sticky":false,"template":"","format":"standard","meta":{"footnotes":""},"tags":[],"class_list":["post-837","post","type-post","status-publish","format-standard","hentry"],"_links":{"self":[{"href":"https:\/\/ambsantasede.esteri.it\/it\/wp-json\/wp\/v2\/posts\/837","targetHints":{"allow":["GET"]}}],"collection":[{"href":"https:\/\/ambsantasede.esteri.it\/it\/wp-json\/wp\/v2\/posts"}],"about":[{"href":"https:\/\/ambsantasede.esteri.it\/it\/wp-json\/wp\/v2\/types\/post"}],"author":[{"embeddable":true,"href":"https:\/\/ambsantasede.esteri.it\/it\/wp-json\/wp\/v2\/users\/1"}],"replies":[{"embeddable":true,"href":"https:\/\/ambsantasede.esteri.it\/it\/wp-json\/wp\/v2\/comments?post=837"}],"version-history":[{"count":1,"href":"https:\/\/ambsantasede.esteri.it\/it\/wp-json\/wp\/v2\/posts\/837\/revisions"}],"predecessor-version":[{"id":2341,"href":"https:\/\/ambsantasede.esteri.it\/it\/wp-json\/wp\/v2\/posts\/837\/revisions\/2341"}],"wp:attachment":[{"href":"https:\/\/ambsantasede.esteri.it\/it\/wp-json\/wp\/v2\/media?parent=837"}],"wp:term":[{"taxonomy":"post_tag","embeddable":true,"href":"https:\/\/ambsantasede.esteri.it\/it\/wp-json\/wp\/v2\/tags?post=837"}],"curies":[{"name":"wp","href":"https:\/\/api.w.org\/{rel}","templated":true}]}}