{"id":824,"date":"2023-03-14T11:53:41","date_gmt":"2023-03-14T10:53:41","guid":{"rendered":"https:\/\/ambsantasede.esteri.it\/news\/dall_ambasciata\/2023\/03\/settima-edizione-dell-italian-design\/"},"modified":"2023-12-20T16:47:27","modified_gmt":"2023-12-20T15:47:27","slug":"settima-edizione-dell-italian-design","status":"publish","type":"post","link":"https:\/\/ambsantasede.esteri.it\/it\/news\/dall_ambasciata\/2023\/03\/settima-edizione-dell-italian-design\/","title":{"rendered":"Settima Edizione dell\u2019Italian Design Day a Palazzo Borromeo: \u201cLa qualita\u2019 che illumina: l\u2019energia del design per le persone e per l\u2019ambiente\u201d"},"content":{"rendered":"<p style=\"text-align: justify;\">Luned\u00ec 13 marzo 2023 si \u00e8 tenuto a Palazzo Borromeo, sede dell\u2019Ambasciata d\u2019Italia presso la Santa Sede, un evento, dal titolo <strong>\u201cLa qualit\u00e0 che illumina: l\u2019energia del design per le persone e per l\u2019ambiente\u201d<\/strong>, organizzato per celebrare la <strong>VII edizione dell\u2019Italian Design Day (IDD)<\/strong>.<\/p>\n<p style=\"text-align: justify;\">Il dibattito \u2013 aperto dai saluti dell\u2019Ambasciatore d\u2019Italia presso la Santa Sede, <strong>Francesco Di Nitto<\/strong> \u2013 \u00e8 stato moderato da <strong>Elisa Anzaldo<\/strong>, Caporedattore Centrale del TG1 RAI, e ha visto intervenire: <strong>Andrea Canepari<\/strong>, Capo Ufficio VII della Direzione Generale per la Promozione del Sistema Paese del Ministero degli Affari Esteri e della Cooperazione Internazionale (MAECI); <strong>Fabio De Chirico<\/strong>, Dirigente del Servizio II (Arte Contemporanea) della Direzione Generale Creativit\u00e0 Contemporanea del Ministero della Cultura; <strong>Paolo Conversi<\/strong>, esperto di ecologia integrale della Segreteria di Stato della Santa Sede; l\u2019architetto <strong>Renata Cristina Mazzantini<\/strong>, curatrice della mostra <em>\u201cContemporanei a Palazzo Borromeo. Arte e design nell\u2019Ambasciata d\u2019Italia presso la Santa Sede\u201d<\/em>; <strong>Davide Groppi<\/strong>, Amministratore Delegato di Davide Groppi s.r.l.; <strong>Franco Caimi<\/strong>, Amministratore Delegato di Caimi Brevetti S.P.A.; <strong>Carlo e Giovanna Castiglioni<\/strong>, rispettivamente Presidente e Vicepresidente della Fondazione Achille Castiglioni; <strong>Margherita Pellino<\/strong>, Responsabile della Fondazione Vico Magistretti; <strong>Giampaolo Grassi<\/strong>, giornalista ANSA e autore del libro \u201cFrancesco Binfar\u00e9\u201d, incentrato sulla figura di uno tra i maggiori designer italiani, che ha progettato molti dei prodotti pi\u00f9 conosciuti tra cui i divani di Edra.<\/p>\n<p style=\"text-align: justify;\">L\u2019evento ha inteso celebrare la VII edizione della Giornata del Design Italiano, in concomitanza con analoghe iniziative svoltesi in 112 Paesi del mondo. Da tempo, infatti, il MAECI \u00e8 attivo nella promozione delle eccellenze culturali italiane all\u2019estero; anche il Ministero della Cultura \u00e8 impegnato nel sostegno al design come caratteristica peculiare del <em>Made in Italy<\/em> e come vettore di diffusione della cultura e dell\u2019artigianalit\u00e0 italiana, anche nella prospettiva dell\u2019integrazione dei linguaggi dell\u2019arte contemporanea.<\/p>\n<p style=\"text-align: justify;\">Con l\u2019occasione, l\u2019arch. Mazzantini ha illustrato i contenuti e le finalit\u00e0 della mostra<strong><em> \u201cContemporanei a Palazzo Borromeo. Arte e design nell\u2019Ambasciata d\u2019Italia presso la Santa Sede\u201d<\/em><\/strong> \u2013 promossa da questa Ambasciata e realizzata con il contributo del MAECI e della Banca del Fucino \u2013, testimonianza del dialogo e del nesso indissolubile tra design e arte come espressioni dello spirito creativo della cultura italiana.<\/p>\n<p style=\"text-align: justify;\">Dalla tavola rotonda \u00e8 emersa una visione d\u2019insieme sulla storia e sulle prospettive del design italiano, simbolo di qualit\u00e0 e di eccellenza, in grado di coniugare il senso artistico del bello con le esigenze della funzionalit\u00e0 degli oggetti e del loro uso quotidiano. \u00c8 stata pi\u00f9 volte sottolineata, altres\u00ec, l\u2019importanza peculiare del rapporto tra cultura artigianale, capacit\u00e0 tecnica e ricerca nello sviluppo dell\u2019idea creativa nei processi produttivi in serie: una caratteristica fondamentale dell\u2019industria italiana del settore, erede di un\u2019artigianalit\u00e0 plurisecolare, apprezzata ed emulata in tutto il mondo.<\/p>\n<p style=\"text-align: justify;\">Ancora, \u00e8 stata messa in luce la rilevanza della qualit\u00e0 come fattore di sviluppo sostenibile, entro una prospettiva di responsabilit\u00e0 sociale nell\u2019impiego delle risorse materiali, nella tutela del lavoro e nell\u2019autentico rispetto dell\u2019ambiente. Si \u00e8 reso evidente, cos\u00ec, il nesso con il Magistero di Papa Francesco sull\u2019ecologia integrale, come nuovo paradigma inclusivo, necessario per dare spazio ad una \u201ccultura della cura\u201d, alternativa alla sottocultura \u201cdello scarto\u201d. <em>Interdipendenza delle responsabilit\u00e0, responsabilit\u00e0 della sostenibilit\u00e0 e sostenibilit\u00e0 della bellezza<\/em> sono, quindi, i tre pilastri di un\u2019azione eticamente orientata, per realizzare un futuro condiviso all\u2019insegna della protezione della \u201ccasa comune\u201d, della coesione sociale e della promozione della cultura.<\/p>\n<p style=\"text-align: justify;\">L&#8217;evento \u00e8 stato trasmesso in diretta streaming e pu\u00f2 essere rivisto sulla <a href=\"https:\/\/www.facebook.com\/ItalyToHolySee\">pagina Facebook dell\u2019Ambasciata<\/a>.<\/p>\n<p style=\"text-align: justify;\">\n<p style=\"text-align: justify;\">\n","protected":false},"excerpt":{"rendered":"Luned\u00ec 13 marzo 2023 si \u00e8 tenuto a Palazzo Borromeo, sede dell\u2019Ambasciata d\u2019Italia presso la Santa Sede, un evento, dal titolo \u201cLa qualit\u00e0 che illumina: l\u2019energia del design per le persone e per l\u2019ambiente\u201d, organizzato per celebrare la VII edizione dell\u2019Italian Design Day (IDD). Il dibattito \u2013 aperto dai saluti dell\u2019Ambasciatore d\u2019Italia presso la Santa [&hellip;]","protected":false},"author":1,"featured_media":2472,"comment_status":"closed","ping_status":"closed","sticky":false,"template":"","format":"standard","meta":{"footnotes":""},"tags":[],"class_list":["post-824","post","type-post","status-publish","format-standard","has-post-thumbnail","hentry"],"_links":{"self":[{"href":"https:\/\/ambsantasede.esteri.it\/it\/wp-json\/wp\/v2\/posts\/824","targetHints":{"allow":["GET"]}}],"collection":[{"href":"https:\/\/ambsantasede.esteri.it\/it\/wp-json\/wp\/v2\/posts"}],"about":[{"href":"https:\/\/ambsantasede.esteri.it\/it\/wp-json\/wp\/v2\/types\/post"}],"author":[{"embeddable":true,"href":"https:\/\/ambsantasede.esteri.it\/it\/wp-json\/wp\/v2\/users\/1"}],"replies":[{"embeddable":true,"href":"https:\/\/ambsantasede.esteri.it\/it\/wp-json\/wp\/v2\/comments?post=824"}],"version-history":[{"count":2,"href":"https:\/\/ambsantasede.esteri.it\/it\/wp-json\/wp\/v2\/posts\/824\/revisions"}],"predecessor-version":[{"id":2476,"href":"https:\/\/ambsantasede.esteri.it\/it\/wp-json\/wp\/v2\/posts\/824\/revisions\/2476"}],"wp:featuredmedia":[{"embeddable":true,"href":"https:\/\/ambsantasede.esteri.it\/it\/wp-json\/wp\/v2\/media\/2472"}],"wp:attachment":[{"href":"https:\/\/ambsantasede.esteri.it\/it\/wp-json\/wp\/v2\/media?parent=824"}],"wp:term":[{"taxonomy":"post_tag","embeddable":true,"href":"https:\/\/ambsantasede.esteri.it\/it\/wp-json\/wp\/v2\/tags?post=824"}],"curies":[{"name":"wp","href":"https:\/\/api.w.org\/{rel}","templated":true}]}}