{"id":4963,"date":"2025-04-07T17:11:22","date_gmt":"2025-04-07T15:11:22","guid":{"rendered":"https:\/\/ambsantasede.esteri.it\/?p=4963"},"modified":"2025-11-17T15:47:04","modified_gmt":"2025-11-17T14:47:04","slug":"prossimo-evento-scoprire-tutelare-e-sviluppare-il-valore-delle-persone-con-disabilita-palazzo-borromeo-mercoledi-9-aprile-2025-ore-10-30","status":"publish","type":"post","link":"https:\/\/ambsantasede.esteri.it\/it\/news\/dall_ambasciata\/2025\/04\/prossimo-evento-scoprire-tutelare-e-sviluppare-il-valore-delle-persone-con-disabilita-palazzo-borromeo-mercoledi-9-aprile-2025-ore-10-30\/","title":{"rendered":"PROSSIMO EVENTO &#8211; &#8220;Scoprire, tutelare e sviluppare il valore delle Persone con Disabilit\u00e0&#8221; (Palazzo Borromeo &#8211; mercoled\u00ec 9 aprile 2025, ore 10.30)"},"content":{"rendered":"<p style=\"text-align: left;\"><strong>Mercoled\u00ec 9 aprile alle ore 10:30<\/strong>, il <strong>Ministro per le Disabilit\u00e0<\/strong>, <strong>Alessandra Locatelli<\/strong>, interverr\u00e0 all\u2019evento \u201cScoprire, tutelare e sviluppare il valore delle Persone con Disabilit\u00e0\u201d, che l\u2019<strong>Ambasciata d\u2019Italia presso la Santa Sede<\/strong> organizza nella sua sede di Palazzo Borromeo (Viale delle Belle Arti, 2 \u2013 Roma), in collaborazione con il <strong>Comitato Interministeriale per i Diritti Umani<\/strong>.<\/p>\n<p style=\"text-align: left;\">All\u2019evento, che si propone quale occasione per riflettere sul valore delle persone con disabilit\u00e0 con focus specifici sull\u2019inclusione lavorativa e sullo sport, interverranno &#8211; come da programma dettagliato che si allega &#8211; rappresentanti della CEI, di associazioni che si occupano della tutela della disabilit\u00e0 e di diverse realt\u00e0 impegnate sul tema. Tra i relatori, la <strong>Senatrice Giusy Versace<\/strong> che interverr\u00e0 nel panel dedicato allo sport.<\/p>\n<p style=\"text-align: left;\">Per maggiori informazioni sulla partecipazione si prega di scrivere a scv.eventi@esteri.it.<\/p>\n","protected":false},"excerpt":{"rendered":"Mercoled\u00ec 9 aprile alle ore 10:30, il Ministro per le Disabilit\u00e0, Alessandra Locatelli, interverr\u00e0 all\u2019evento \u201cScoprire, tutelare e sviluppare il valore delle Persone con Disabilit\u00e0\u201d, che l\u2019Ambasciata d\u2019Italia presso la Santa Sede organizza nella sua sede di Palazzo Borromeo (Viale delle Belle Arti, 2 \u2013 Roma), in collaborazione con il Comitato Interministeriale per i Diritti [&hellip;]","protected":false},"author":6,"featured_media":4968,"comment_status":"closed","ping_status":"closed","sticky":false,"template":"","format":"standard","meta":{"footnotes":""},"tags":[10],"class_list":["post-4963","post","type-post","status-publish","format-standard","has-post-thumbnail","hentry","tag-diritti-umani"],"_links":{"self":[{"href":"https:\/\/ambsantasede.esteri.it\/it\/wp-json\/wp\/v2\/posts\/4963","targetHints":{"allow":["GET"]}}],"collection":[{"href":"https:\/\/ambsantasede.esteri.it\/it\/wp-json\/wp\/v2\/posts"}],"about":[{"href":"https:\/\/ambsantasede.esteri.it\/it\/wp-json\/wp\/v2\/types\/post"}],"author":[{"embeddable":true,"href":"https:\/\/ambsantasede.esteri.it\/it\/wp-json\/wp\/v2\/users\/6"}],"replies":[{"embeddable":true,"href":"https:\/\/ambsantasede.esteri.it\/it\/wp-json\/wp\/v2\/comments?post=4963"}],"version-history":[{"count":5,"href":"https:\/\/ambsantasede.esteri.it\/it\/wp-json\/wp\/v2\/posts\/4963\/revisions"}],"predecessor-version":[{"id":6342,"href":"https:\/\/ambsantasede.esteri.it\/it\/wp-json\/wp\/v2\/posts\/4963\/revisions\/6342"}],"wp:featuredmedia":[{"embeddable":true,"href":"https:\/\/ambsantasede.esteri.it\/it\/wp-json\/wp\/v2\/media\/4968"}],"wp:attachment":[{"href":"https:\/\/ambsantasede.esteri.it\/it\/wp-json\/wp\/v2\/media?parent=4963"}],"wp:term":[{"taxonomy":"post_tag","embeddable":true,"href":"https:\/\/ambsantasede.esteri.it\/it\/wp-json\/wp\/v2\/tags?post=4963"}],"curies":[{"name":"wp","href":"https:\/\/api.w.org\/{rel}","templated":true}]}}