{"id":4218,"date":"2024-11-20T17:58:25","date_gmt":"2024-11-20T16:58:25","guid":{"rendered":"https:\/\/ambsantasede.esteri.it\/?p=4218"},"modified":"2025-11-17T15:53:33","modified_gmt":"2025-11-17T14:53:33","slug":"palazzo-borromeo-si-illumina-di-rosso-contro-le-violazioni-della-liberta-religiosa","status":"publish","type":"post","link":"https:\/\/ambsantasede.esteri.it\/it\/news\/dall_ambasciata\/2024\/11\/palazzo-borromeo-si-illumina-di-rosso-contro-le-violazioni-della-liberta-religiosa\/","title":{"rendered":"Palazzo Borromeo si illumina di rosso contro le violazioni della libert\u00e0 religiosa"},"content":{"rendered":"<p style=\"text-align: left;\">L\u2019Ambasciata d\u2019Italia presso la Santa Sede aderisce anche quest\u2019anno alla \u201c<strong>Red Week<\/strong>\u201d promossa dalla fondazione pontificia <strong>Aiuto alla Chiesa che Soffre<\/strong> per sensibilizzare sulle persecuzioni di carattere religioso. Oggi, mercoled\u00ec 20 novembre, in occasione del <strong>Mercoled\u00ec Rosso<\/strong>, Palazzo Borromeo si \u00e8 illuminato di rosso contro le violazioni della libert\u00e0 religiosa e a sostegno di coloro che soffrono a causa del loro credo.<\/p>\n","protected":false},"excerpt":{"rendered":"L\u2019Ambasciata d\u2019Italia presso la Santa Sede aderisce anche quest\u2019anno alla \u201cRed Week\u201d promossa dalla fondazione pontificia Aiuto alla Chiesa che Soffre per sensibilizzare sulle persecuzioni di carattere religioso. Oggi, mercoled\u00ec 20 novembre, in occasione del Mercoled\u00ec Rosso, Palazzo Borromeo si \u00e8 illuminato di rosso contro le violazioni della libert\u00e0 religiosa e a sostegno di coloro [&hellip;]","protected":false},"author":6,"featured_media":4228,"comment_status":"closed","ping_status":"closed","sticky":false,"template":"","format":"standard","meta":{"footnotes":""},"tags":[10],"class_list":["post-4218","post","type-post","status-publish","format-standard","has-post-thumbnail","hentry","tag-diritti-umani"],"_links":{"self":[{"href":"https:\/\/ambsantasede.esteri.it\/it\/wp-json\/wp\/v2\/posts\/4218","targetHints":{"allow":["GET"]}}],"collection":[{"href":"https:\/\/ambsantasede.esteri.it\/it\/wp-json\/wp\/v2\/posts"}],"about":[{"href":"https:\/\/ambsantasede.esteri.it\/it\/wp-json\/wp\/v2\/types\/post"}],"author":[{"embeddable":true,"href":"https:\/\/ambsantasede.esteri.it\/it\/wp-json\/wp\/v2\/users\/6"}],"replies":[{"embeddable":true,"href":"https:\/\/ambsantasede.esteri.it\/it\/wp-json\/wp\/v2\/comments?post=4218"}],"version-history":[{"count":2,"href":"https:\/\/ambsantasede.esteri.it\/it\/wp-json\/wp\/v2\/posts\/4218\/revisions"}],"predecessor-version":[{"id":6399,"href":"https:\/\/ambsantasede.esteri.it\/it\/wp-json\/wp\/v2\/posts\/4218\/revisions\/6399"}],"wp:featuredmedia":[{"embeddable":true,"href":"https:\/\/ambsantasede.esteri.it\/it\/wp-json\/wp\/v2\/media\/4228"}],"wp:attachment":[{"href":"https:\/\/ambsantasede.esteri.it\/it\/wp-json\/wp\/v2\/media?parent=4218"}],"wp:term":[{"taxonomy":"post_tag","embeddable":true,"href":"https:\/\/ambsantasede.esteri.it\/it\/wp-json\/wp\/v2\/tags?post=4218"}],"curies":[{"name":"wp","href":"https:\/\/api.w.org\/{rel}","templated":true}]}}