{"id":1330,"date":"2021-05-13T18:05:42","date_gmt":"2021-05-13T16:05:42","guid":{"rendered":"https:\/\/ambsantasede.esteri.it\/news\/dall_ambasciata\/2021\/05\/dignita-dei-bambini-e-degli-adolescenti\/"},"modified":"2021-05-13T18:05:42","modified_gmt":"2021-05-13T16:05:42","slug":"dignita-dei-bambini-e-degli-adolescenti","status":"publish","type":"post","link":"https:\/\/ambsantasede.esteri.it\/it\/news\/dall_ambasciata\/2021\/05\/dignita-dei-bambini-e-degli-adolescenti\/","title":{"rendered":"\u201cDignit\u00e0 dei bambini e degli adolescenti al tempo del covid\u201d: evento organizzato con Telefono Azzurro a Palazzo Borromeo in occasione della Giornata nazionale contro la pedofilia."},"content":{"rendered":"<p style=\"text-align: justify;\">Nel contesto della Giornata nazionale contro la pedofilia, questa Ambasciata ha ospitato nel chiostro e giardino di Palazzo Borromeo un evento organizzato con l&#8217;Associazione Telefono Azzurro dal titolo \u201cDignit\u00e0 dei bambini e degli adolescenti al tempo del covid\u201d.<br \/>L\u2019obiettivo dell\u2019incontro \u00e8 stato quello di promuovere un dialogo tra istituzioni, media, esperti nazionali ed internazionali, provenienti anche dal mondo delle aziende tecnologiche, al fine di trovare soluzioni concrete in risposta all\u2019aumento esponenziale di adescamenti a danno di bambini ed adolescenti, fenomeno legato ai numerosi rischi presenti nel mondo di Internet e delle nuove tecnologie digitali soprattutto in questi tempi di pandemia dove l\u2019esposizione online \u00e8 aumentata.<br \/>Questo incontro ha offerto l\u2019occasione anche per riflettere sui passi avanti compiuti nella difesa dei minori, grazie anche alla <em>Child Dignity Alliance<\/em>, alleanza istituita a seguito del Congresso del 2017 \u201cChild Dignity in the Digital World\u201d ospitato dal Centro per la protezione dell&#8217;infanzia della Pontificia Universit\u00e0 Gregoriana e volta a sviluppare una consapevolezza globale sul fenomeno dello sfruttamento e dell&#8217;abuso sessuale dei minori.<\/p>\n<p style=\"text-align: justify;\">\u00a0<\/p>\n<p style=\"text-align: justify;\">La sessione mattutina, moderata da Monica Maggioni, ex-Presidente e giornalista RAI, \u00e8 stata aperta dal Prof. Ernesto Caffo, Presidente e Fondatore di Telefono Azzurro e membro della Commissione Pontificia per la tutela dei minori.<\/p>\n<p style=\"text-align: justify;\">Nel suo saluto istituzionale, l\u2019Ambasciatore Sebastiani ha ringraziato Telefono Azzurro e i tanti volontari e i sostenitori dell\u2019associazione per il loro lavoro aggiungendo \u201cnoi italiani spesso non ci rendiamo bene conto della straordinaria ricchezza, tra le molte che abbiamo, e che spesso sottostimiamo, rappresentata da quei 7, 8, 9 milioni di persone che ogni giorno, in questo Paese, dedicano con spontaneo altruismo il loro tempo, la loro passione, il loro impegno e anche il loro denaro agli altri, ai pi\u00f9 deboli e ai pi\u00f9 piccoli in particolare. Senza questa rete di solidariet\u00e0 e di umanit\u00e0, interi settori della nostra societ\u00e0 non resisterebbero alle molte difficolt\u00e0\u201d.<\/p>\n<p style=\"text-align: justify;\">A seguire sono intervenuti diversi esperti del mondo delle Istituzioni e delle Forze dell\u2019ordine: Patrizio Bianchi, Ministro dell\u2019Istruzione (da remoto); Elena Bonetti, Ministro per le Pari Opportunit\u00e0 e della Famiglia; Ivan Scalfarotto, Sottosegretario agli Interni; Licia Ronzulli, Senatore, Presidente della Commissione Bicamerale sull\u2019Infanzia e l\u2019adolescenza; Carla Garlatti, Autorit\u00e0 garante per l\u2019infanzia e l\u2019adolescenza; Simonetta Matone, Sostituto Procuratore Generale presso la Corte d\u2019Appello di Roma; Giovanni Russo, Procuratore Aggiunto, Procura Nazionale Antimafia; Marina Contino, Primo Dirigente del Servizio Centrale Anticrimine della Polizia di Stato; Guido Scorza, membro dell\u2019Autorit\u00e0 Garante per la protezione dei dati personali; Maria Monteleone, membro del Consiglio Superiore per la Magistratura e della Commissione di Inchiesta sul femminicidio del Senato.<br \/>Inoltre, sono intervenuti anche Agostino Santoni, Vice Presidente, Sud Europa, CISCO e Giuseppe Magno, docente di Legislazione a tutela dell\u2019infanzia e dell\u2019adolescenza, Universit\u00e0 di Roma La Sapienza.<\/p>\n<p style=\"text-align: justify;\">Da parte ecclesiastica hanno partecipato il Cardinale Matteo Maria Zuppi, Arcivescovo di Bologna (da remoto) e Monsignor Lorenzo Ghizzoni, Arcivescovo di Ravenna e Cervia, Presidente del Servizio Nazionale per la tutela dei minori della Conferenza Episcopale Italiana (da remoto). Inoltre, il Cardinale O\u2019Malley (da remoto) ha illustrato l\u2019importante attivit\u00e0 della Pontificia Commissione per la Tutela dei Minori, mentre il Segretario di Stato vaticano Parolin ha inviato un messaggio nel quale auspica una riaffermazione del \u201cvalore inestimabile della vita e della dignit\u00e0 dei pi\u00f9 piccoli e dei pi\u00f9 indifesi\u201d \u201cil dovere di un approccio pi\u00f9 incisivo nell&#8217;educazione delle giovani generazioni, per un radicale rifiuto di ogni violenza e sopraffazione a danno dei minori\u201d.<\/p>\n<p style=\"text-align: justify;\">\u00a0<\/p>\n<p style=\"text-align: justify;\">Nella prima delle due sessioni pomeridiane si \u00e8 discusso delle principali azioni messe in campo a livello europeo ed internazionale per rafforzare la lotta contro gli abusi offline e online. Inoltre, grazie anche alla partecipazione da remoto di rappresentanti delle grandi aziende tecnologiche (Google, Microsoft, Facebook) \u00e8 stato affrontato il problema dell\u2019incremento dei siti web che ospitano immagini o video raffiguranti abusi sessuali (<em>Child Sexual Abuse Material<\/em>, CSAM).<\/p>\n<p style=\"text-align: justify;\">Nella seconda sessione, moderata da Hans Zollner, Docente dell\u2019Universit\u00e0 Gregoriana, Direttore del <em>Centre for Child Protection<\/em>, si \u00e8 discusso degli effetti di questi abusi sulla salute mentale e sull\u2019importanza del coinvolgimento delle famiglie e delle scuole nella sensibilizzazione sul tema dell\u2019abuso e dello sfruttamento sessuale.<\/p>\n<p style=\"text-align: justify;\">\u00a0<\/p>\n<p style=\"text-align: justify;\">L\u2019evento, che \u00e8 stato trasmesso in diretta streaming sulla <a href=\"https:\/\/www.facebook.com\/TelefonoAzzurroOnlus\">pagina Facebook di Telefono Azzurro<\/a> e anche attraverso il <a href=\"https:\/\/www.youtube.com\/c\/VaticanNewsIT\">canale YouTube di Vatican News<\/a>, pu\u00f2 essere rivisto cliccando sul seguente collegamento: <a href=\"https:\/\/youtu.be\/vCA4Kz9VIVA\">https:\/\/youtu.be\/vCA4Kz9VIVA<\/a>.<\/p>\n<p style=\"text-align: justify;\">Per il programma completo, si rimanda a <a href=\"https:\/\/azzurro.it\/news_eventi\/5-maggio\/\">https:\/\/azzurro.it\/news_eventi\/5-maggio\/<\/a>.<\/p>\n<p style=\"text-align: justify;\">\u00a0<\/p>\n<p style=\"text-align: justify;\"><img loading=\"lazy\" decoding=\"async\" style=\"margin: 9px 9px 9px 0px; float: left;\" src=\"resource\/img\/2021\/05\/locandina.jpg\" alt=\"locandina\" width=\"360\" height=\"202\" \/><\/p>\n<p style=\"text-align: justify;\"><img loading=\"lazy\" decoding=\"async\" style=\"margin: 9px 9px 9px 0px; float: left;\" src=\"resource\/img\/2021\/05\/pdp050521-30.jpg\" alt=\"pdp050521 30\" width=\"360\" height=\"240\" \/><img loading=\"lazy\" decoding=\"async\" style=\"margin: 9px 9px 9px 0px; float: left;\" src=\"resource\/img\/2021\/05\/pdp050521-42.jpg\" alt=\"pdp050521 42\" width=\"360\" height=\"240\" \/><\/p>\n<p style=\"text-align: justify;\">\u00a0<\/p>\n<p style=\"text-align: justify;\">\u00a0<\/p>\n<p style=\"text-align: justify;\">\u00a0<\/p>\n<p style=\"text-align: justify;\">\u00a0<\/p>\n<p style=\"text-align: justify;\">\u00a0<\/p>\n<p style=\"text-align: justify;\">\u00a0<\/p>\n<p style=\"text-align: justify;\">\u00a0<\/p>\n<p style=\"text-align: justify;\">\u00a0<\/p>\n<p style=\"text-align: justify;\">\u00a0<\/p>\n<p style=\"text-align: justify;\">\u00a0<\/p>\n<p style=\"text-align: justify;\">\u00a0<\/p>\n<p style=\"text-align: justify;\">\u00a0<\/p>\n<p style=\"text-align: justify;\">\u00a0<\/p>\n<p style=\"text-align: justify;\">\u00a0<\/p>\n<p style=\"text-align: justify;\">\u00a0<\/p>\n<p style=\"text-align: justify;\">\u00a0<\/p>\n<p style=\"text-align: justify;\">\u00a0<\/p>\n<p style=\"text-align: justify;\">\u00a0<\/p>\n<p style=\"text-align: justify;\">\u00a0<\/p>\n<p style=\"text-align: justify;\">\u00a0<\/p>\n<p style=\"text-align: justify;\">\u00a0<\/p>\n<p style=\"text-align: justify;\">\u00a0<\/p>\n<p style=\"text-align: justify;\">\u00a0<\/p>\n<p style=\"text-align: justify;\"><em>Photo Credit: Telefono Azzurro Onlus<\/em><\/p>\n<p style=\"text-align: justify;\">\u00a0<\/p>\n","protected":false},"excerpt":{"rendered":"Nel contesto della Giornata nazionale contro la pedofilia, questa Ambasciata ha ospitato nel chiostro e giardino di Palazzo Borromeo un evento organizzato con l&#8217;Associazione Telefono Azzurro dal titolo \u201cDignit\u00e0 dei bambini e degli adolescenti al tempo del covid\u201d.L\u2019obiettivo dell\u2019incontro \u00e8 stato quello di promuovere un dialogo tra istituzioni, media, esperti nazionali ed internazionali, provenienti anche [&hellip;]","protected":false},"author":1,"featured_media":0,"comment_status":"","ping_status":"","sticky":false,"template":"","format":"standard","meta":{"footnotes":""},"tags":[],"class_list":["post-1330","post","type-post","status-publish","format-standard","hentry"],"_links":{"self":[{"href":"https:\/\/ambsantasede.esteri.it\/it\/wp-json\/wp\/v2\/posts\/1330","targetHints":{"allow":["GET"]}}],"collection":[{"href":"https:\/\/ambsantasede.esteri.it\/it\/wp-json\/wp\/v2\/posts"}],"about":[{"href":"https:\/\/ambsantasede.esteri.it\/it\/wp-json\/wp\/v2\/types\/post"}],"author":[{"embeddable":true,"href":"https:\/\/ambsantasede.esteri.it\/it\/wp-json\/wp\/v2\/users\/1"}],"replies":[{"embeddable":true,"href":"https:\/\/ambsantasede.esteri.it\/it\/wp-json\/wp\/v2\/comments?post=1330"}],"version-history":[{"count":0,"href":"https:\/\/ambsantasede.esteri.it\/it\/wp-json\/wp\/v2\/posts\/1330\/revisions"}],"wp:attachment":[{"href":"https:\/\/ambsantasede.esteri.it\/it\/wp-json\/wp\/v2\/media?parent=1330"}],"wp:term":[{"taxonomy":"post_tag","embeddable":true,"href":"https:\/\/ambsantasede.esteri.it\/it\/wp-json\/wp\/v2\/tags?post=1330"}],"curies":[{"name":"wp","href":"https:\/\/api.w.org\/{rel}","templated":true}]}}