{"id":1280,"date":"2021-06-22T16:14:36","date_gmt":"2021-06-22T14:14:36","guid":{"rendered":"https:\/\/ambsantasede.esteri.it\/news\/dall_ambasciata\/2021\/06\/in-diretta-streaming-presentato\/"},"modified":"2021-06-22T16:14:36","modified_gmt":"2021-06-22T14:14:36","slug":"in-diretta-streaming-presentato","status":"publish","type":"post","link":"https:\/\/ambsantasede.esteri.it\/it\/news\/dall_ambasciata\/2021\/06\/in-diretta-streaming-presentato\/","title":{"rendered":"In diretta streaming presentato all\u2019Ambasciata italiana presso la Santa Sede il Quaderno ASviS sull\u2019Enciclica \u201cFratelli Tutti\u201d. Un\u2019analisi approfondita fatta dagli esperti dell\u2019Alleanza assieme alla Fondazione Prioritalia."},"content":{"rendered":"<p style=\"text-align: justify;\">Oggi pomeriggio, a partire dalle 17.30, nella sede dell\u2019Ambasciata italiana presso la Santa Sede sar\u00e0 presentato, in diretta streaming, un Quaderno a cura dell\u2019Alleanza Italiana per lo Sviluppo Sostenibile (ASviS) dedicato alla lettura ragionata dell\u2019Enciclica \u201cFratelli tutti\u201d alla luce dell\u2019Obiettivo 16 dell\u2019Agenda Onu 2030 che si concentra su pace, giustizia e istituzioni solide.<\/p>\n<p style=\"text-align: justify;\">L\u2019Alleanza Italiana per lo Sviluppo Sostenibile riunisce oltre 300 fra le pi\u00f9 importanti istituzioni e reti della societ\u00e0 civile ed \u00e8 la pi\u00f9 grande organizzazione italiana che si occupa di diffondere la cultura della sostenibilit\u00e0 nel nostro Paese e favorire il raggiungimento degli Obiettivi dell\u2019Agenda 2030 delle Nazioni Unite, sottoscritta da 193 Paesi nel 2015.<\/p>\n<p style=\"text-align: justify;\"><em>\u201cAbbiamo deciso di dedicare un approfondimento all\u2019Enciclica di Papa Francesco\u201d<\/em> spiega il Presidente dell\u2019ASviS Pierluigi Stefanini <em>\u201cperch\u00e9 la visione espressa dal Pontefice orientata al ruolo essenziale della fraternit\u00e0 e dell\u2019accoglienza come quint\u2019essenza di politiche eque e inclusive votate al bene comune, capaci di trasmettere valori di solidariet\u00e0 e rispetto reciproco, arginando forme di discriminazione e violenza, sembra riflettersi pienamente nel Goal 16 e nel suo messaggio basato sulla centralit\u00e0 di pace, giustizia e solidit\u00e0 delle istituzioni per assicurare una cittadinanza pienamente attiva e responsabile\u201d.<\/em><\/p>\n<p style=\"text-align: justify;\">Evidenzia dal canto suo l\u2019ambasciatore Pietro Sebastiani: \u201cCon l&#8217;Enciclica Fratelli Tutti Papa Francesco prende di petto il rapporto tra fraternit\u00e0, economia, mercato, impresa, politica. Responsabilizzando ognuno di noi, invitandoci ad una stagione di cambio, per un futuro migliore per la nostra economia, le nostre societ\u00e0, per la famiglia umana\u201d. E sottolinea: \u201cdi fatto sollecita che la fraternit\u00e0 sia assunta come un bene-valore, come una bussola che orienti costantemente le nostre scelte secondo la logica del bene comune\u201d.<\/p>\n<p style=\"text-align: justify;\">E anche nella introduzione al Quaderno, il Cardinale Peter Kodwo Appiah Turkson, Prefetto del Dicastero per il Servizio dello Sviluppo Umano Integrale, sottolinea alcuni capisaldi dell\u2019Enciclica che ruota attorno alla declinazione del concetto stesso di fraternit\u00e0 che <em>\u201cnon pu\u00f2 essere relegata solo alle relazioni interpersonali\u201d<\/em> ma che deve manifestarsi in atti concreti nelle relazioni fra Paesi affermando <em>\u201cil primato delle regole sulla forza\u201d<\/em>.<\/p>\n<p style=\"text-align: justify;\"><em>\u201c\u00c8 la mancanza di fraternit\u00e0 fra i popoli\u201d<\/em> continua il Cardinale <em>\u201cuna causa importante della povert\u00e0 e del sottosviluppo\u201d<\/em>, mentre, al contrario, si assiste <em>\u201ca una pericolosa tendenza a costruire muri, a chiudersi nell\u2019autoprotezionismo, nel nazionalismo e nell\u2019isolazionismo\u201d<\/em>, in un mondo dilaniato da <em>\u201ctanti conflitti che causano dolore, sofferenza e morte in tante parti del mondo\u201d<\/em> perch\u00e9, mette in evidenza il Cardinale riprendendo testualmente l\u2019Enciclica, <em>\u201cla guerra non \u00e8 un fantasma del passato ma \u00e8 diventata una minaccia costante\u201d<\/em>.<\/p>\n<p style=\"text-align: justify;\">Il Quaderno -che ospita interventi di docenti universitari, analisti internazionali, esponenti dell\u2019associazionismo laico e cattolico e degli Ordini Religiosi- \u00e8 stato coordinato da Marcella Mallen e Filippo Salone, della <a href=\"https:\/\/prioritalia.it\/it\/la-fondazione\">Fondazione Prioritalia<\/a>, che sono anche i coordinatori del <a href=\"https:\/\/asvis.it\/goal16\">Gruppo di lavoro 16<\/a> dell\u2019ASviS. Da segnalare la postfazione di Suor Chiara Francesca Lacchini del Consiglio della Federazione Clarisse Cappuccine che ha addirittura contato quante volte nel testo dell\u2019Enciclica siano usate le parole \u201cfratelli\u201d (26), \u201cfraternit\u00e0\u201d (44) e \u201cfratellanza\u201d (5).<\/p>\n<p style=\"text-align: justify;\">Molteplici gli angoli di osservazione attraverso cui \u00e8 stata analizzata l\u2019Enciclica e ne sono stati messi in evidenza i numerosi punti di contatto con i contenuti dell\u2019Agenda delle Nazioni Unite, tanto da poter parlare esplicitamente di \u201corizzonte condiviso\u201d.<\/p>\n<p style=\"text-align: justify;\"><em>\u201cPapa Francesco \u00e8 fra i pochi che hanno capito la portata della crisi planetaria in atto ed \u00e8 per questo un punto di riferimento per tutti, credenti e non credenti. Covid e crisi climatica ci ricordano che non abbiamo pi\u00f9 tempo di aspettare. La sua Enciclica\u201d <\/em>sottolinea ancora Stefanini <em>\u201c \u00e8 un manifesto che ci chiama al massimo impegno per rispondere alle sfide del nostro tempo in nome del dialogo e dell\u2019incontro tra tutte le diversit\u00e0: di genere, geografiche, socio economiche e generazionali\u201d<\/em>.<\/p>\n<p style=\"text-align: justify;\">Sar\u00e0 possibile seguire la diretta streaming sul <a href=\"https:\/\/festivalsvilupposostenibile.it\/2021\/asvis-live-22-giugno\/\">sito del Festival dello Sviluppo Sostenibile<\/a>, sul <a href=\"https:\/\/www.youtube.com\/channel\/UCRunC4koIW2LmJzohZfKd4Q\">canale Youtube ASviS<\/a>, sulla <a href=\"https:\/\/www.facebook.com\/asvisitalia\/\">pagina Facebook ASviS<\/a>, sul <a href=\"https:\/\/www.facebook.com\/ItalyToHolySee\/\">profilo Facebook dell\u2019Ambasciata d\u2019Italia presso la Santa Sede<\/a>, sulla <a href=\"https:\/\/www.facebook.com\/AgenziaANSA\">pagina Facebook di Ansa<\/a> e sui <a href=\"https:\/\/www.ansa.it\/\">siti ansa.it<\/a> e <a href=\"https:\/\/www.radioradicale.it\/\">radioradicale.it<\/a>.<\/p>\n<p style=\"text-align: justify;\">\u00a0<\/p>\n<p style=\"text-align: justify;\">\u00a0<\/p>\n<p style=\"text-align: justify;\"><strong>Programma<\/strong><\/p>\n<p style=\"text-align: justify;\">\u00a0<\/p>\n<p style=\"text-align: justify;\"><strong>Saluti istituzionali<\/strong><\/p>\n<p style=\"text-align: justify;\">Pietro Sebastiani, Ambasciatore d&#8217;Italia presso la Santa Sede<br \/>Pierluigi Stefanini, Presidente dell&#8217;ASviS<\/p>\n<p style=\"text-align: justify;\"><strong>Intervengono<\/strong><\/p>\n<p style=\"text-align: justify;\">Enrico Giovannini, ministro per le Infrastrutture e la mobilit\u00e0 sostenibili<br \/>Don Bruno Bignami, Cei &#8211; direttore Ufficio nazionale per i problemi sociali e del lavoro<br \/>Sr. Chiara Francesca Lacchini, presidente del Consiglio della federazione Clarisse cappuccine<br \/>Marcella Mallen, presidente Fondazione Prioritalia e coordinatrice Gdl Goal 16 dell\u2019ASviS<\/p>\n<p style=\"text-align: justify;\"><strong>Moderatore:<\/strong><\/p>\n<p style=\"text-align: justify;\">Chiara del Gaudio, Uno mattina &#8211; Rai Uno<\/p>\n<p style=\"text-align: justify;\">\u00a0<\/p>\n<p style=\"text-align: justify;\">\u00a0<\/p>\n<p style=\"text-align: justify;\"><img loading=\"lazy\" decoding=\"async\" style=\"display: block; margin-left: auto; margin-right: auto;\" src=\"resource\/img\/2021\/06\/enciclica_news_1000x500.png\" alt=\"enciclica news 1000x500\" width=\"600\" height=\"300\" \/><\/p>\n","protected":false},"excerpt":{"rendered":"Oggi pomeriggio, a partire dalle 17.30, nella sede dell\u2019Ambasciata italiana presso la Santa Sede sar\u00e0 presentato, in diretta streaming, un Quaderno a cura dell\u2019Alleanza Italiana per lo Sviluppo Sostenibile (ASviS) dedicato alla lettura ragionata dell\u2019Enciclica \u201cFratelli tutti\u201d alla luce dell\u2019Obiettivo 16 dell\u2019Agenda Onu 2030 che si concentra su pace, giustizia e istituzioni solide. L\u2019Alleanza Italiana [&hellip;]","protected":false},"author":1,"featured_media":0,"comment_status":"","ping_status":"","sticky":false,"template":"","format":"standard","meta":{"footnotes":""},"tags":[],"class_list":["post-1280","post","type-post","status-publish","format-standard","hentry"],"_links":{"self":[{"href":"https:\/\/ambsantasede.esteri.it\/it\/wp-json\/wp\/v2\/posts\/1280","targetHints":{"allow":["GET"]}}],"collection":[{"href":"https:\/\/ambsantasede.esteri.it\/it\/wp-json\/wp\/v2\/posts"}],"about":[{"href":"https:\/\/ambsantasede.esteri.it\/it\/wp-json\/wp\/v2\/types\/post"}],"author":[{"embeddable":true,"href":"https:\/\/ambsantasede.esteri.it\/it\/wp-json\/wp\/v2\/users\/1"}],"replies":[{"embeddable":true,"href":"https:\/\/ambsantasede.esteri.it\/it\/wp-json\/wp\/v2\/comments?post=1280"}],"version-history":[{"count":0,"href":"https:\/\/ambsantasede.esteri.it\/it\/wp-json\/wp\/v2\/posts\/1280\/revisions"}],"wp:attachment":[{"href":"https:\/\/ambsantasede.esteri.it\/it\/wp-json\/wp\/v2\/media?parent=1280"}],"wp:term":[{"taxonomy":"post_tag","embeddable":true,"href":"https:\/\/ambsantasede.esteri.it\/it\/wp-json\/wp\/v2\/tags?post=1280"}],"curies":[{"name":"wp","href":"https:\/\/api.w.org\/{rel}","templated":true}]}}