{"id":1254,"date":"2021-07-11T11:36:01","date_gmt":"2021-07-11T09:36:01","guid":{"rendered":"https:\/\/ambsantasede.esteri.it\/news\/dall_ambasciata\/2021\/07\/dialogo-tra-suor-alessandra-smerilli\/"},"modified":"2021-07-11T11:36:01","modified_gmt":"2021-07-11T09:36:01","slug":"dialogo-tra-suor-alessandra-smerilli","status":"publish","type":"post","link":"https:\/\/ambsantasede.esteri.it\/it\/news\/dall_ambasciata\/2021\/07\/dialogo-tra-suor-alessandra-smerilli\/","title":{"rendered":"Dialogo tra Suor Alessandra Smerilli ed il Ministro del Lavoro Orlando sul tema &#8220;Il lavoro \u00e8 un&#8217;unzione di dignit\u00e0. La piaga del lavoro precario e deteriorato all&#8217;alba del dopo-Covid&#8221;."},"content":{"rendered":"<p style=\"text-align: justify;\">Il 24 giugno, presso Palazzo Borromeo, si \u00e8 svolto il dialogo \u201c<strong>Il lavoro \u00e8 un\u2019unzione di dignit\u00e0. La piaga del lavoro precario e deteriorato all\u2019alba del dopo &#8211; Covid<\/strong>\u201d\u00a0tra Suor Alessandra Smerilli, Sottosegretario del Dicastero per il Servizio dello Sviluppo Umano Integrale, ed il Ministro del Lavoro Andrea Orlando. La moderazione \u00e8 stata affidata alla giornalista Paola Severini Melograni.<\/p>\n<p style=\"text-align: justify;\">L\u2019Ambasciatore d\u2019Italia presso la Santa Sede, Pietro Sebastiani, ha esordito sottolineando tre aspetti fondamentali: 1) la crescita del lavoro precario e in generale il deterioramento della qualit\u00e0 di molti lavori, elementi che evidenziano la necessit\u00e0 di riformare il sistema economico dalle fondamenta, poich\u00e9 da tempo non \u00e8 pi\u00f9 in grado di produrre sufficienti posti di lavoro e lavoro dignitoso, stretto tra eccessiva finanziarizzazione e disuguaglianze di redditto, affinch\u00e9 possa porre al centro l&#8217;uomo e il bene comune, non solo il profitto; 2) gli \u201cscartati\u201d e tra questi le donne impiegate nell\u2019economia informale; 3) i giovani che patiscono l\u2019aumento della povert\u00e0, della disoccupazione e della volatilit\u00e0 e che sempre pi\u00f9 &#8211; lo dicono molti studi scientifici &#8211; cadono nell\u2019ansia e nella depressione. L\u2019Ambasciatore ha concluso citando le parole del Santo Padre indirizzate all&#8217;Organizzazione Internazionale del Lavoro (OIL) il 17 giugno 2021, ovvero che <em>&#8220;se il lavoro \u00e8 un rapporto allora deve includere la dimensione della cura, perch\u00e9 nessun rapporto pu\u00f2 sopravvivere senza cura&#8221;<\/em>, affermando che \u00e8 necessario sviluppare la cultura della solidariet\u00e0 per uscire in condizioni migliori dalla crisi attuale.<\/p>\n<p style=\"text-align: justify;\">Suor Alessandra Smerilli, dopo aver segnalato che in alcuni paesi il lavoro informale rappresenta il 70% del lavoro esistente, ha affermato che a causa della pandemia il numero di persone che non riesce a lavorare e dunque ad avere accesso al cibo molto probabilmente aumenter\u00e0. Per questo, il Vertice sui Sistemi Alimentari sar\u00e0 determinante per prendere delle azioni concrete al fine di risolvere questa crisi. Suor Smerilli ha infatti ribadito che le nostre societ\u00e0 si devono ristrutturare intorno al lavoro, perch\u00e9 \u00e8 il lavoro che d\u00e0 dignit\u00e0 alle persone: per farlo, \u00e8 fondamentale il contributo della politica, degli stati e soprattutto delle imprese. Inoltre, Suor Smerilli ha\u00a0evidenziato che l\u2019obiettivo che ci si pone oggi nell&#8217;Unione Europea \u00e8 quello della stabilit\u00e0 finanziaria, ma in questo momento vi \u00e8 anche il problema di un sistema automatico di recupero dei crediti che rischia di non tenere in considerazione le esigenze di chi sta soffrendo e per questo \u00e8 necessaria la collaborazione tra banche ed istituzioni. Al termine del suo intervento, Suro Smerilli ha ripreso le parole di Papa Francesco all&#8217;OIL: <em>&#8220;Qui non ci riferiamo solo al lavoro di assistenza: la pandemia ci ricorda la sua importanza fondamentale, che forse abbiamo trascurato. La cura va oltre, deve essere una dimensione di ogni lavoro. Un lavoro che non si prende cura, che distrugge la creazione, che mette in pericolo la sopravvivenza delle generazioni future, non \u00e8 rispettoso della dignit\u00e0 dei lavoratori e non si pu\u00f2 considerare dignitoso&#8221;.<\/em><\/p>\n<p style=\"text-align: justify;\">Il Ministro del Lavoro, Andrea Orlando, ha iniziato il proprio discorso ponendo l\u2019accento sul tema dello \u201cscarto\u201d ed ha citato le parole del Pontefice sottolineando come la condanna pi\u00f9 grande dopo la crisi sia quella di non fare tesoro della crisi stessa. Il ministro ha raccontato di aver posto tre questioni di importanza rilevante al G20 a presidenza italiana: 1) la prima riguarda l\u2019inclusione delle donne e la parit\u00e0 salariale: le donne hanno infatti subito di pi\u00f9 in termini occupazionali la crisi pandemica in quanto sono pi\u00f9 frequentemente impiegate in rapporti di lavoro a titolo precario o a termine; 2) la seconda questione ha riguardato la risposta allo \u201cstress-test\u201d che la pandemia ha costituito per i sistemi di protezione sociale: ci\u00f2 ha rivelato il grande peso del lavoro stagionale, informale, del precariato; 3) la terza questione riguarda l&#8217;impatto della tecnologia sul lavoro, che ha destrutturato alcuni diritti che si sono consolidati nel corso del tempo. Inoltre, il Ministro Orlando ha affermato che il tema della povert\u00e0 \u00e8 strettamente connesso al tema dell\u2019educazione: riattivare percorsi di istruzione degli adulti \u00e8 la condizione per la quale si rideterminano meccanismi di effettiva costruzione di una piena cittadinanza delle persone.<\/p>\n<p style=\"text-align: justify;\">L\u2019evento si \u00e8 concluso con la <a href=\"it\/ambasciata\/news\/dall-ambasciata\/2021\/01\/conferimento-dell-onorificenza_1.html\"><strong>consegna dell\u2019onorificenza di Ufficiale dell\u2019Ordine della Stella d\u2019Italia<\/strong><\/a> da parte dell\u2019Ambasciatore d\u2019Italia Pietro Sebastiani a Suor Alessandra Smerilli.<\/p>\n<p style=\"text-align: justify;\">Per rivedere la diretta Facebook trasmessa sulla pagina di questa Ambasciata <a href=\"https:\/\/www.facebook.com\/138784446865119\/videos\/1250909852076237\">cliccare qui<\/a>.<\/p>\n<p style=\"text-align: justify;\">\u00a0<\/p>\n<p style=\"text-align: justify;\"><img loading=\"lazy\" decoding=\"async\" style=\"display: block; margin-left: auto; margin-right: auto;\" src=\"resource\/img\/2021\/07\/onorificenza_suor_smerilli2.jpg\" alt=\"onorificenza suor smerilli2\" width=\"420\" height=\"266\" \/><\/p>\n<p style=\"text-align: center;\"><em>Photo credit: ANGI<\/em><\/p>\n","protected":false},"excerpt":{"rendered":"Il 24 giugno, presso Palazzo Borromeo, si \u00e8 svolto il dialogo \u201cIl lavoro \u00e8 un\u2019unzione di dignit\u00e0. La piaga del lavoro precario e deteriorato all\u2019alba del dopo &#8211; Covid\u201d\u00a0tra Suor Alessandra Smerilli, Sottosegretario del Dicastero per il Servizio dello Sviluppo Umano Integrale, ed il Ministro del Lavoro Andrea Orlando. La moderazione \u00e8 stata affidata alla [&hellip;]","protected":false},"author":1,"featured_media":0,"comment_status":"","ping_status":"","sticky":false,"template":"","format":"standard","meta":{"footnotes":""},"tags":[],"class_list":["post-1254","post","type-post","status-publish","format-standard","hentry"],"_links":{"self":[{"href":"https:\/\/ambsantasede.esteri.it\/it\/wp-json\/wp\/v2\/posts\/1254","targetHints":{"allow":["GET"]}}],"collection":[{"href":"https:\/\/ambsantasede.esteri.it\/it\/wp-json\/wp\/v2\/posts"}],"about":[{"href":"https:\/\/ambsantasede.esteri.it\/it\/wp-json\/wp\/v2\/types\/post"}],"author":[{"embeddable":true,"href":"https:\/\/ambsantasede.esteri.it\/it\/wp-json\/wp\/v2\/users\/1"}],"replies":[{"embeddable":true,"href":"https:\/\/ambsantasede.esteri.it\/it\/wp-json\/wp\/v2\/comments?post=1254"}],"version-history":[{"count":0,"href":"https:\/\/ambsantasede.esteri.it\/it\/wp-json\/wp\/v2\/posts\/1254\/revisions"}],"wp:attachment":[{"href":"https:\/\/ambsantasede.esteri.it\/it\/wp-json\/wp\/v2\/media?parent=1254"}],"wp:term":[{"taxonomy":"post_tag","embeddable":true,"href":"https:\/\/ambsantasede.esteri.it\/it\/wp-json\/wp\/v2\/tags?post=1254"}],"curies":[{"name":"wp","href":"https:\/\/api.w.org\/{rel}","templated":true}]}}