{"id":1236,"date":"2021-07-13T14:06:49","date_gmt":"2021-07-13T12:06:49","guid":{"rendered":"https:\/\/ambsantasede.esteri.it\/news\/dall_ambasciata\/2021\/07\/presentato-a-palazzo-borromeo-il\/"},"modified":"2021-07-13T14:06:49","modified_gmt":"2021-07-13T12:06:49","slug":"presentato-a-palazzo-borromeo-il","status":"publish","type":"post","link":"https:\/\/ambsantasede.esteri.it\/it\/news\/dall_ambasciata\/2021\/07\/presentato-a-palazzo-borromeo-il\/","title":{"rendered":"Presentato a Palazzo Borromeo il programma del Meeting di Rimini 2021"},"content":{"rendered":"<p style=\"text-align: justify;\">Il Meeting di Rimini, giunto quest\u2019anno alla sua quarantaduesima edizione, si terr\u00e0 di nuovo in presenza presso la Fiera di Rimini, <strong>dal 20 al 25 agosto. Con il titolo \u201cIl coraggio di dire \u00abio\u00bb\u201d<\/strong>, citazione tratta da un testo del filosofo danese Kierkegaard, la manifestazione ricca di tavole rotonde, confronti e iniziative culturali verr\u00e0 trasmessa anche in diretta su pi\u00f9 canali digitali e in pi\u00f9 lingue, proponendosi come momento di riflessione e di ripartenza globale nello scenario della faticosa uscita dalla pandemia.<\/p>\n<p style=\"text-align: justify;\">All\u2019apertura della manifestazione, il 20 agosto, parteciper\u00e0 il Presidente della Repubblica <strong>Sergio Mattarella<\/strong>.<\/p>\n<p style=\"text-align: justify;\">Oggi, durante la presentazione ufficiale del programma, all\u2019Ambasciata d\u2019Italia presso la Santa Sede, dopo i saluti introduttivi dell\u2019Ambasciatore Pietro Sebastiani e del Presidente della Fondazione Meeting per l\u2019amicizia fra i popoli, <strong>Bernhard Scholz<\/strong>, sono intervenuti: <strong>Maria Cristina Messa<\/strong>, Ministra per l\u2019Universit\u00e0, <strong>Suor Alessandra Smerilli<\/strong>, Sotto-Segretario del Dicastero per il Servizio dello Sviluppo Umano Integrale e <strong>Marco Sesana<\/strong>, <em>Country Manager &#038; Ceo <\/em>Generali Italia e <em>Global Business Lines<\/em>.<\/p>\n<p style=\"text-align: justify;\">\u00abIn un futuro dove l\u2019incertezza e l\u2019imprevedibilit\u00e0 saranno sempre pi\u00f9 spesso nostre compagne di strada\u00bb, ha dichiarato il Ministro per l&#8217;Universit\u00e0 e la Ricerca, <strong>Maria Cristina Messa<\/strong>, \u00abil ruolo dell\u2019Universit\u00e0 diventa ancora pi\u00f9 fondamentale nell\u2019accompagnare i giovani a imparare un metodo che consenta loro di rimanere solidi e trovare soluzioni anche in situazioni complesse come quella che stiamo ancora attraversando. Se l\u2019Universit\u00e0 deve accompagnare i giovani, noi abbiamo oggi il compito di migliorare il campo e le regole a disposizione: gli investimenti previsti dal PNRR sono consistenti e dobbiamo usarli bene, ma per cambiare passo ancora pi\u00f9 importante sar\u00e0 concludere il prima possibile i percorsi di riforma che, insieme al Parlamento, abbiamo messo in moto\u00bb.<\/p>\n<p style=\"text-align: justify;\">\u00abAvere \u201cil coraggio di dire io\u201d significa un\u2019assunzione di responsabilit\u00e0, un impegno creativo e una cura del dialogo anche in momenti difficili e drammatici. Questo coraggio che rimane fedele al proprio desiderio di bene per s\u00e9 e per tutti \u00e8 il vero antidoto all\u2019individualismo e al collettivismo. Si tratta di riscoprire il legame originale fra l\u2019\u201cio\u201d e il \u201cnoi\u201d\u00bb, cos\u00ec <strong>Bernhard Scholz, Presidente della Fondazione Meeting per l\u2019amicizia fra i popoli<\/strong> che ha poi proseguito: \u00abSpero che il Meeting possa contribuire a una ripresa che mette al centro il futuro delle giovani generazioni. Discuteremo da pi\u00f9 angolazioni sul Recovery Fund, che non a caso si chiama pi\u00f9 propriamente Next Generation EU, e soprattutto proporremo vari incontri incentrati sull\u2019educazione, la formazione e il mondo del lavoro\u00bb.<\/p>\n<p style=\"text-align: justify;\">\u00abIl Meeting di Rimini, proprio per la sua storica apertura al dialogo, all\u2019incontro e al confronto nazionale ed appunto internazionale, diventa ancor pi\u00f9 centrale\u00bb, ha esordito l\u2019Ambasciatore <strong>Pietro Sebastiani<\/strong>, \u00abe ci stupisce sempre per come sente propria la responsabilit\u00e0 di instaurare un dialogo soprattutto nella ricostruzione che ci attende: osare, rischiare, avere coraggio di fare, andare avanti, esporsi sapendoci assumere appieno tutte le nostre responsabilit\u00e0 con il contributo di ciascuno al bene comune\u00bb.<\/p>\n<p style=\"text-align: justify;\">\u00abIn questo nuovo contesto stiamo sperimentando cambiamenti che non hanno precedenti\u00bb, ha dichiarato Marco Sesana, \u00abe che rendono necessaria una visione di sviluppo attraverso due direttrici: sostenibilit\u00e0 e digitalizzazione. Per Generali sostenibilit\u00e0 \u00e8 una scelta intenzionale: significa progettare, sviluppare e misurare il proprio business in relazione alle grandi sfide per essere un\u2019azienda trasformativa, generativa e a impatto sulla societ\u00e0 e sul pianeta. La sostenibilit\u00e0 si inserisce anche nelle partite strategiche dei prossimi anni che determineranno la capacit\u00e0 di imprese e Stati di innovare. Una sfida che dobbiamo cogliere, istituzioni e imprese, per essere motori di cambiamento e di sviluppo sostenibile per la comunit\u00e0 e il Paese\u00bb.<\/p>\n<p style=\"text-align: justify;\">Per <strong>Suor Alessandra Smerilli<\/strong> \u00abPapa Francesco ci indica due verbi che dovrebbero guidare il corretto rapporto con la terra e con i fratelli e le sorelle: coltivare e custodire. La terra \u00e8 affidata alla nostra custodia, una custodia che deve essere creativa e richiede anche la trasformazione, cio\u00e8 la coltivazione perch\u00e9 essa possa darci i suoi frutti. Allo stesso modo, anche le relazioni con gli altri necessitano di essere \u201ccustodite e coltivate\u201d. Se applichiamo questi principi all\u2019economia, ci rendiamo conto, innanzitutto, che dobbiamo passare da una logica di massimizzazione a una logica di equilibrio, da una logica di breve periodo ad una di medio-lungo periodo. E comprendiamo che, affinch\u00e9 l\u2019economia sia rispettosa delle persone, delle relazioni e della terra, tutti gli attori del sistema devono fare la propria parte\u00bb.<\/p>\n<p style=\"text-align: justify;\">A partire <strong>da oggi, marted\u00ec 13 luglio, sul sito internet <a href=\"https:\/\/www.meetingrimini.org\/\">www.meetingrimini.org<\/a> sar\u00e0 pubblicato il programma<\/strong> degli incontri, delle mostre e degli spettacoli della 42ma edizione. Da gioved\u00ec 15 luglio, inoltre, si potranno scaricare da Play Store e Apple Store le versioni Android e iOS dell\u2019<strong>app del Meeting<\/strong>, completamente rinnovata. Un\u2019applicazione che sar\u00e0 fondamentale per partecipare all\u2019evento, perch\u00e9 permetter\u00e0 di entrare fisicamente in Fiera dal 20 al 25 agosto, prenotare la partecipazione ai convegni e la visita alle mostre, leggere le news e accedere a contenuti aggiuntivi.<\/p>\n<p style=\"text-align: justify;\">Sempre nell\u2019app andranno inseriti i dati del Green Pass, o equivalenti, cos\u00ec da garantire il rispetto delle normative per la protezione dal Covid-19. \u00abAbbiamo elaborato un sistema di gestione semplice e insieme molto preciso e accurato\u00bb, spiega il direttore del Meeting, <strong>Emmanuele Forlani<\/strong>, \u00abper consentire una partecipazione in presenza, spontanea e numerosa, come nella migliore delle tradizioni del Meeting, ma che nello stesso tempo garantir\u00e0 un elevato standard di sicurezza. Credo che questo modello potr\u00e0 offrire spunti anche per altre future manifestazioni\u00bb.<\/p>\n<p style=\"text-align: justify;\">La <strong>cartella stampa<\/strong>, che pu\u00f2 essere scaricata a partire dalle ore 12.00 di marted\u00ec 13 luglio al link <a href=\"https:\/\/meetingrimini.news\/Presentazione-Meeting-2021\">https:\/\/meetingrimini.news\/Presentazione-Meeting-2021<\/a> , include:<\/p>\n<ul>\n<li style=\"text-align: justify;\">il file del comunicato stampa ufficiale<\/li>\n<li style=\"text-align: justify;\">il programma dei convegni e degli spettacoli<\/li>\n<li style=\"text-align: justify;\">le schede delle mostre<\/li>\n<li style=\"text-align: justify;\">il comunicato stampa dell\u2019iniziativa \u201cMeeting Music Contest\u201d<\/li>\n<li style=\"text-align: justify;\">i comunicati stampa delle aziende partner<\/li>\n<li style=\"text-align: justify;\">(a partire dalle 13) le foto e le clip video della presentazione<\/li>\n<\/ul>\n","protected":false},"excerpt":{"rendered":"Il Meeting di Rimini, giunto quest\u2019anno alla sua quarantaduesima edizione, si terr\u00e0 di nuovo in presenza presso la Fiera di Rimini, dal 20 al 25 agosto. Con il titolo \u201cIl coraggio di dire \u00abio\u00bb\u201d, citazione tratta da un testo del filosofo danese Kierkegaard, la manifestazione ricca di tavole rotonde, confronti e iniziative culturali verr\u00e0 trasmessa [&hellip;]","protected":false},"author":1,"featured_media":0,"comment_status":"","ping_status":"","sticky":false,"template":"","format":"standard","meta":{"footnotes":""},"tags":[],"class_list":["post-1236","post","type-post","status-publish","format-standard","hentry"],"_links":{"self":[{"href":"https:\/\/ambsantasede.esteri.it\/it\/wp-json\/wp\/v2\/posts\/1236","targetHints":{"allow":["GET"]}}],"collection":[{"href":"https:\/\/ambsantasede.esteri.it\/it\/wp-json\/wp\/v2\/posts"}],"about":[{"href":"https:\/\/ambsantasede.esteri.it\/it\/wp-json\/wp\/v2\/types\/post"}],"author":[{"embeddable":true,"href":"https:\/\/ambsantasede.esteri.it\/it\/wp-json\/wp\/v2\/users\/1"}],"replies":[{"embeddable":true,"href":"https:\/\/ambsantasede.esteri.it\/it\/wp-json\/wp\/v2\/comments?post=1236"}],"version-history":[{"count":0,"href":"https:\/\/ambsantasede.esteri.it\/it\/wp-json\/wp\/v2\/posts\/1236\/revisions"}],"wp:attachment":[{"href":"https:\/\/ambsantasede.esteri.it\/it\/wp-json\/wp\/v2\/media?parent=1236"}],"wp:term":[{"taxonomy":"post_tag","embeddable":true,"href":"https:\/\/ambsantasede.esteri.it\/it\/wp-json\/wp\/v2\/tags?post=1236"}],"curies":[{"name":"wp","href":"https:\/\/api.w.org\/{rel}","templated":true}]}}