{"id":1199,"date":"2021-09-15T16:24:16","date_gmt":"2021-09-15T14:24:16","guid":{"rendered":"https:\/\/ambsantasede.esteri.it\/news\/dall_ambasciata\/2021\/09\/conferimento-dell-onorificenza_4\/"},"modified":"2021-09-15T16:24:16","modified_gmt":"2021-09-15T14:24:16","slug":"conferimento-dell-onorificenza_4","status":"publish","type":"post","link":"https:\/\/ambsantasede.esteri.it\/it\/news\/dall_ambasciata\/2021\/09\/conferimento-dell-onorificenza_4\/","title":{"rendered":"Conferimento dell\u2019onorificenza di Commendatore dell\u2019Ordine della Stella d&#8217;Italia a mons. Francesco Soddu, Direttore di Caritas Italiana"},"content":{"rendered":"<p style=\"text-align: justify;\">ll giorno 14 settembre 2021, a Palazzo Borromeo, si \u00e8 svolto il <strong>dialogo tra mons. Francesco Soddu, Direttore di Caritas Italiana, e il presidente dell\u2019INPS, prof. Pasquale Tridico, su \u201cIstituzioni e contrasto alla povert\u00e0\u201d<\/strong>.<\/p>\n<p style=\"text-align: justify;\">In tale occasione, l\u2019Ambasciatore d\u2019Italia Pietro Sebastiani ha conferito <strong>l\u2019onorificenza di Commendatore dell\u2019Ordine della Stella d&#8217;Italia a mons. Soddu<\/strong> per l\u2019eccezionale competenza ed abnegazione con cui ha guidato dal 2012 la Caritas Italiana in molteplici ambiti.<\/p>\n<p style=\"text-align: justify;\">Nell\u2019esporre la motivazione del conferimento dell\u2019onorificenza, l\u2019Ambasciatore Sebastiani ha messo in rilievo le innumerevoli attivit\u00e0 portate avanti dalla Caritas Italiana per alleviare le condizioni di povert\u00e0 ed esclusione sociale, aiutare le popolazioni colpite da calamit\u00e0 naturali, assistere i richiedenti asilo tramite le intese con il governo italiano sui \u201ccorridoi umanitari\u201d; \u00e8 stato inoltre ricordato l\u2019impegno per i giovani e con i giovani attraverso centinaia di progetti sparsi sul territorio. Anche in ambito europeo e internazionale, Caritas Italiana \u00e8 sempre stata in prima linea, in collegamento con <em>Caritas Internationalis<\/em>, con microprogetti di sviluppo e con attivit\u00e0 umanitarie in risposta alle molte emergenze internazionali dovute a calamit\u00e0 naturali o conflitti.<\/p>\n<p style=\"text-align: justify;\">\u00a0<\/p>\n<p style=\"text-align: justify;\"><img loading=\"lazy\" decoding=\"async\" style=\"display: block; margin-left: auto; margin-right: auto;\" src=\"resource\/img\/2021\/09\/consegna_onorificenza.jpg\" alt=\"consegna onorificenza\" width=\"450\" height=\"229\" \/><\/p>\n<p style=\"text-align: justify;\"><img loading=\"lazy\" decoding=\"async\" style=\"display: block; margin-left: auto; margin-right: auto;\" src=\"resource\/img\/2021\/09\/onorificenza_soddu.jpg\" alt=\"onorificenza soddu\" width=\"450\" height=\"567\" \/>\u00a0<\/p>\n","protected":false},"excerpt":{"rendered":"ll giorno 14 settembre 2021, a Palazzo Borromeo, si \u00e8 svolto il dialogo tra mons. Francesco Soddu, Direttore di Caritas Italiana, e il presidente dell\u2019INPS, prof. Pasquale Tridico, su \u201cIstituzioni e contrasto alla povert\u00e0\u201d. In tale occasione, l\u2019Ambasciatore d\u2019Italia Pietro Sebastiani ha conferito l\u2019onorificenza di Commendatore dell\u2019Ordine della Stella d&#8217;Italia a mons. Soddu per l\u2019eccezionale [&hellip;]","protected":false},"author":1,"featured_media":0,"comment_status":"","ping_status":"","sticky":false,"template":"","format":"standard","meta":{"footnotes":""},"tags":[],"class_list":["post-1199","post","type-post","status-publish","format-standard","hentry"],"_links":{"self":[{"href":"https:\/\/ambsantasede.esteri.it\/it\/wp-json\/wp\/v2\/posts\/1199","targetHints":{"allow":["GET"]}}],"collection":[{"href":"https:\/\/ambsantasede.esteri.it\/it\/wp-json\/wp\/v2\/posts"}],"about":[{"href":"https:\/\/ambsantasede.esteri.it\/it\/wp-json\/wp\/v2\/types\/post"}],"author":[{"embeddable":true,"href":"https:\/\/ambsantasede.esteri.it\/it\/wp-json\/wp\/v2\/users\/1"}],"replies":[{"embeddable":true,"href":"https:\/\/ambsantasede.esteri.it\/it\/wp-json\/wp\/v2\/comments?post=1199"}],"version-history":[{"count":0,"href":"https:\/\/ambsantasede.esteri.it\/it\/wp-json\/wp\/v2\/posts\/1199\/revisions"}],"wp:attachment":[{"href":"https:\/\/ambsantasede.esteri.it\/it\/wp-json\/wp\/v2\/media?parent=1199"}],"wp:term":[{"taxonomy":"post_tag","embeddable":true,"href":"https:\/\/ambsantasede.esteri.it\/it\/wp-json\/wp\/v2\/tags?post=1199"}],"curies":[{"name":"wp","href":"https:\/\/api.w.org\/{rel}","templated":true}]}}