{"id":1168,"date":"2021-10-14T16:00:21","date_gmt":"2021-10-14T14:00:21","guid":{"rendered":"https:\/\/ambsantasede.esteri.it\/news\/dall_ambasciata\/2021\/10\/inaugurata-a-palazzo-borromeo-la\/"},"modified":"2021-10-14T16:00:21","modified_gmt":"2021-10-14T14:00:21","slug":"inaugurata-a-palazzo-borromeo-la","status":"publish","type":"post","link":"https:\/\/ambsantasede.esteri.it\/it\/news\/dall_ambasciata\/2021\/10\/inaugurata-a-palazzo-borromeo-la\/","title":{"rendered":"Inaugurata a Palazzo Borromeo la mostra &#8220;ORA.&#8221; di giovani artisti italiani"},"content":{"rendered":"<p style=\"text-align: justify;\">Il giorno 13 ottobre \u00e8 stata inaugurata a Palazzo Borromeo la mostra &#8220;<strong>ORA.<\/strong>&#8220;<\/p>\n<p style=\"text-align: justify;\">Come seguito del progetto \u201cContemporanei a Palazzo Borromeo. Arte e design nell&#8217;Ambasciata d&#8217;Italia presso la Santa Sede\u201d, questa mostra di giovani artisti italiani \u00e8 volta alla promozione delle eccellenze creative del nostro Paese e intende dare voce, come evoca il titolo \u201cORA.\u201d alle nuove generazioni per raccontare il presente ed immaginare il futuro.<\/p>\n<p style=\"text-align: justify;\">Il progetto, a cura della <strong>White Noise Gallery<\/strong> fondata da Eleonora Aloise e Carlo Maria Lolli Ghetti, coinvolge giovani artisti gi\u00e0 apprezzati nel panorama nazionale per la loro capacit\u00e0 di rappresentare con molteplici linguaggi le pi\u00f9 interessanti istanze del contemporaneo: <strong>Clarissa Baldassarri<\/strong>, <strong>Cristiano Carotti<\/strong>,<strong> Polisonum<\/strong>, <strong>Alice Ronchi<\/strong> e <strong>Jonathan Vivacqua<\/strong>.<\/p>\n<p style=\"text-align: justify;\">Polisonum, il collettivo di ricerca artistica di Filippo Lilli e Donato Loforese, ha presentato una performance canora ed una video installazione, estensione del loro ultimo progetto &#8220;A cinque voci&#8221;.<\/p>\n<p style=\"text-align: justify;\">La mostra &#8220;ORA.&#8221; <strong>rester\u00e0 aperta fino al 10 dicembre 2021<\/strong> e sar\u00e0 visitabile insieme all\u2019intera collezione di Palazzo Borromeo, in cui la storia centenaria e i capolavori dei grandi maestri della tradizione si fondono con le opere dei maggiori esponenti dell\u2019arte e del design del \u2018900.<\/p>\n<p style=\"text-align: justify;\">\u00a0<\/p>\n<p style=\"text-align: justify;\">&#8212;&#8212;&#8212;&#8212;&#8212;&#8212;&#8212;&#8212;&#8212;&#8212;&#8212;&#8212;&#8212;&#8212;<\/p>\n<p style=\"text-align: justify;\">Per maggiori informazioni sugli artisti: <a>https:\/\/whitenoisegallery.it\/<\/a><\/p>\n<p style=\"text-align: justify;\">\u2022 <strong>Artribune<\/strong>: ORA. Ambasciata d\u2019Italia presso la Santa Sede (13 ottobre 2021) <a href=\"https:\/\/www.artribune.com\/mostre-evento-arte\/ora-ambasciata-ditalia-presso-la-santa-sede\/\">https:\/\/www.artribune.com\/mostre-evento-arte\/ora-ambasciata-ditalia-presso-la-santa-sede\/<\/a><\/p>\n<p style=\"text-align: justify;\">\u2022 <strong>Arte.it<\/strong>: ORA. CLARISSA BALDASSARRI, CRISTIANO CAROTTI, POLISONUM, ALICE RONCHI, JONATHAN VIVACQUA (23 ottobre 2021) <a href=\"https:\/\/www.arte.it\/calendario-arte\/roma\/mostra-ora-clarissa-baldassarri-cristiano-carotti-polisonum-alice-ronchi-jonathan-vivacqua-80533\">https:\/\/www.arte.it\/calendario-arte\/roma\/mostra-ora-clarissa-baldassarri-cristiano-carotti-polisonum-alice-ronchi-jonathan-vivacqua-80533<\/a><\/p>\n<p style=\"text-align: justify;\">\u2022 <strong>Il Giornale Italiano Mondo<\/strong>: L\u2019Ambasciatore e \u201cOra\u201d di giovani artisti (23 ottobre) <a href=\"https:\/\/www.ilgiornaleitaliano.net\/ambasciata-santa-sede-notizie.html\">https:\/\/www.ilgiornaleitaliano.net\/ambasciata-santa-sede-notizie.html<\/a><\/p>\n<p style=\"text-align: justify;\">\u00a0<\/p>\n<p style=\"text-align: justify;\">\u00a0<\/p>\n<p style=\"text-align: justify;\"><img loading=\"lazy\" decoding=\"async\" style=\"display: block; margin-left: auto; margin-right: auto;\" src=\"resource\/img\/2021\/10\/img_20211013_190900818_hdr.jpg\" alt=\"img 20211013 190900818 hdr\" width=\"450\" height=\"337\" \/><\/p>\n<p style=\"text-align: justify;\"><img loading=\"lazy\" decoding=\"async\" style=\"display: block; margin-left: auto; margin-right: auto;\" src=\"resource\/img\/2021\/10\/img_20211013_192357494_hdr.jpg\" alt=\"img 20211013 192357494 hdr\" width=\"450\" height=\"337\" \/>\u00a0<\/p>\n","protected":false},"excerpt":{"rendered":"Il giorno 13 ottobre \u00e8 stata inaugurata a Palazzo Borromeo la mostra &#8220;ORA.&#8220; Come seguito del progetto \u201cContemporanei a Palazzo Borromeo. Arte e design nell&#8217;Ambasciata d&#8217;Italia presso la Santa Sede\u201d, questa mostra di giovani artisti italiani \u00e8 volta alla promozione delle eccellenze creative del nostro Paese e intende dare voce, come evoca il titolo \u201cORA.\u201d [&hellip;]","protected":false},"author":1,"featured_media":0,"comment_status":"","ping_status":"","sticky":false,"template":"","format":"standard","meta":{"footnotes":""},"tags":[],"class_list":["post-1168","post","type-post","status-publish","format-standard","hentry"],"_links":{"self":[{"href":"https:\/\/ambsantasede.esteri.it\/it\/wp-json\/wp\/v2\/posts\/1168","targetHints":{"allow":["GET"]}}],"collection":[{"href":"https:\/\/ambsantasede.esteri.it\/it\/wp-json\/wp\/v2\/posts"}],"about":[{"href":"https:\/\/ambsantasede.esteri.it\/it\/wp-json\/wp\/v2\/types\/post"}],"author":[{"embeddable":true,"href":"https:\/\/ambsantasede.esteri.it\/it\/wp-json\/wp\/v2\/users\/1"}],"replies":[{"embeddable":true,"href":"https:\/\/ambsantasede.esteri.it\/it\/wp-json\/wp\/v2\/comments?post=1168"}],"version-history":[{"count":0,"href":"https:\/\/ambsantasede.esteri.it\/it\/wp-json\/wp\/v2\/posts\/1168\/revisions"}],"wp:attachment":[{"href":"https:\/\/ambsantasede.esteri.it\/it\/wp-json\/wp\/v2\/media?parent=1168"}],"wp:term":[{"taxonomy":"post_tag","embeddable":true,"href":"https:\/\/ambsantasede.esteri.it\/it\/wp-json\/wp\/v2\/tags?post=1168"}],"curies":[{"name":"wp","href":"https:\/\/api.w.org\/{rel}","templated":true}]}}