{"id":1162,"date":"2021-10-19T15:39:40","date_gmt":"2021-10-19T13:39:40","guid":{"rendered":"https:\/\/ambsantasede.esteri.it\/news\/dall_ambasciata\/2021\/10\/conferimento-dell-onorificenza_5\/"},"modified":"2021-10-19T15:39:40","modified_gmt":"2021-10-19T13:39:40","slug":"conferimento-dell-onorificenza_5","status":"publish","type":"post","link":"https:\/\/ambsantasede.esteri.it\/it\/news\/dall_ambasciata\/2021\/10\/conferimento-dell-onorificenza_5\/","title":{"rendered":"Conferimento dell\u2019onorificenza di Commendatore dell\u2019Ordine della Stella d&#8217;Italia al Dottor Giovanni Strazzullo, Direttore Nazionale del Corpo Italiano di Soccorso dell\u2019Ordine di Malta"},"content":{"rendered":"<p style=\"text-align: justify;\">ll giorno 18 ottobre 2021, a Palazzo Borromeo, si \u00e8 svolta la <strong>presentazione delle attivit\u00e0 del Corpo Italiano di Soccorso dell\u2019Ordine di Malta (CISOM)<\/strong> con interventi del <strong>Presidente del CISOM Gerardo Solaro del Borgo<\/strong> e del <strong>Direttore Nazionale Giovanni Strazzullo<\/strong>.<\/p>\n<p style=\"text-align: justify;\">In tale occasione, l\u2019Ambasciatore d\u2019Italia Pietro Sebastiani ha conferito <strong>l\u2019onorificenza di Commendatore dell\u2019Ordine della Stella d&#8217;Italia al Dottor Strazzullo<\/strong> per l\u2019assoluta rilevanza del suo operato e per l\u2019impegno nell\u2019assistenza del prossimo e dei pi\u00f9 bisognosi in particolare, oltre alla costante e proficua collaborazione con questa Ambasciata e con il Ministero degli Affari Esteri e della Cooperazione Internazionale.<\/p>\n<p style=\"text-align: justify;\">Nell\u2019esporre la motivazione del conferimento dell\u2019onorificenza, l\u2019Ambasciatore Sebastiani ha messo in rilievo la grande professionalit\u00e0 e lo spirito altruistico del dottor Strazzullo, qualit\u00e0 che sono risultate preziose in risposta alle numerose emergenze territoriali, nazionali ed internazionali, con particolare riferimento al complicato contesto della pandemia di Covid-19. Peculiare risalto \u00e8 stato dato alla tempestivit\u00e0 ed efficacia con cui sono stati realizzati dal CISOM due Ospedali Covid in Lombardia e nelle Marche, modelli operativi e di gestione dell&#8217;emergenza che denotano uno sforzo straordinario nell&#8217;offrire supporto sanitario, logistico e umanitario alla popolazione colpita. Inoltre, l\u2019Ambasciatore Sebastiani ha ricordato il ruolo fondamentale svolto dai medici e soccorritori del CISOM, presenti a bordo dei mezzi aeronavali della Guardia Costiera italiana, nelle operazioni di soccorso ai migranti e richiedenti asilo nel mar Mediterraneo e si \u00e8 soffermato sugli interventi d\u2019emergenza realizzati in supporto alle popolazioni terremotate del Centro Italia. Infine, particolare risalto \u00e8 stato dato alle attivit\u00e0 di primo soccorso svolte dai volontari del CISOM a livello internazionale in risposta a calamit\u00e0 naturali, come per esempio i recenti interventi di assistenza per la messa in sicurezza della popolazione colpita dall\u2019emergenza sismica in Albania.<\/p>\n<p style=\"text-align: justify;\">\u00a0<\/p>\n<p style=\"text-align: justify;\"><img loading=\"lazy\" decoding=\"async\" style=\"display: block; margin-left: auto; margin-right: auto;\" src=\"resource\/img\/2021\/10\/onorificenza_dr._strazzullo.jpg\" alt=\"onorificenza dr. strazzullo\" width=\"450\" height=\"450\" \/><\/p>\n<p style=\"text-align: justify;\"><img loading=\"lazy\" decoding=\"async\" style=\"display: block; margin-left: auto; margin-right: auto;\" src=\"resource\/img\/2021\/10\/presidente_cisom_solaro_del_borgo_direttore_strazzullo.jpg\" alt=\"presidente cisom solaro del borgo direttore strazzullo\" width=\"450\" height=\"336\" \/><\/p>\n<p style=\"text-align: justify;\"><img loading=\"lazy\" decoding=\"async\" style=\"display: block; margin-left: auto; margin-right: auto;\" src=\"resource\/img\/2021\/10\/pubblico_0.jpg\" alt=\"pubblico 0\" width=\"450\" height=\"336\" \/><\/p>\n","protected":false},"excerpt":{"rendered":"ll giorno 18 ottobre 2021, a Palazzo Borromeo, si \u00e8 svolta la presentazione delle attivit\u00e0 del Corpo Italiano di Soccorso dell\u2019Ordine di Malta (CISOM) con interventi del Presidente del CISOM Gerardo Solaro del Borgo e del Direttore Nazionale Giovanni Strazzullo. In tale occasione, l\u2019Ambasciatore d\u2019Italia Pietro Sebastiani ha conferito l\u2019onorificenza di Commendatore dell\u2019Ordine della Stella [&hellip;]","protected":false},"author":1,"featured_media":0,"comment_status":"","ping_status":"","sticky":false,"template":"","format":"standard","meta":{"footnotes":""},"tags":[],"class_list":["post-1162","post","type-post","status-publish","format-standard","hentry"],"_links":{"self":[{"href":"https:\/\/ambsantasede.esteri.it\/it\/wp-json\/wp\/v2\/posts\/1162","targetHints":{"allow":["GET"]}}],"collection":[{"href":"https:\/\/ambsantasede.esteri.it\/it\/wp-json\/wp\/v2\/posts"}],"about":[{"href":"https:\/\/ambsantasede.esteri.it\/it\/wp-json\/wp\/v2\/types\/post"}],"author":[{"embeddable":true,"href":"https:\/\/ambsantasede.esteri.it\/it\/wp-json\/wp\/v2\/users\/1"}],"replies":[{"embeddable":true,"href":"https:\/\/ambsantasede.esteri.it\/it\/wp-json\/wp\/v2\/comments?post=1162"}],"version-history":[{"count":0,"href":"https:\/\/ambsantasede.esteri.it\/it\/wp-json\/wp\/v2\/posts\/1162\/revisions"}],"wp:attachment":[{"href":"https:\/\/ambsantasede.esteri.it\/it\/wp-json\/wp\/v2\/media?parent=1162"}],"wp:term":[{"taxonomy":"post_tag","embeddable":true,"href":"https:\/\/ambsantasede.esteri.it\/it\/wp-json\/wp\/v2\/tags?post=1162"}],"curies":[{"name":"wp","href":"https:\/\/api.w.org\/{rel}","templated":true}]}}