{"id":1158,"date":"2021-10-20T17:57:59","date_gmt":"2021-10-20T15:57:59","guid":{"rendered":"https:\/\/ambsantasede.esteri.it\/news\/dall_ambasciata\/2021\/10\/xxi-settimana-della-lingua-italiana\/"},"modified":"2021-10-20T17:57:59","modified_gmt":"2021-10-20T15:57:59","slug":"xxi-settimana-della-lingua-italiana","status":"publish","type":"post","link":"https:\/\/ambsantasede.esteri.it\/it\/news\/dall_ambasciata\/2021\/10\/xxi-settimana-della-lingua-italiana\/","title":{"rendered":"XXI Settimana della Lingua Italiana nel Mondo: presentazione del libro \u201cLa Chiesa e l\u2019italiano: un cammino nel tempo e nel mondo\u201d, a cura di Rita Librandi (ed. Il Mulino)."},"content":{"rendered":"<p style=\"text-align: justify;\">Su invito dell\u2019Ambasciatore d\u2019Italia Pietro Sebastiani si \u00e8 svolta il 19 ottobre a Palazzo Borromeo, nell\u2019ambito della <strong>XXI Settimana della Lingua Italiana nel Mondo<\/strong>, la <strong>presentazione del libro \u201cLa Chiesa e l\u2019italiano: un cammino nel tempo e nel mondo\u201d<\/strong>, a cura di Rita Librandi (ed. Il Mulino).<\/p>\n<p style=\"text-align: justify;\">Si tratta di un <strong>volume realizzato su iniziativa di questa Ambasciata con un contributo della Direzione Generale del Sistema Paese del Ministero degli Affari Esteri e della Cooperazione Internazionale<\/strong> e che nasce dall\u2019intenzione di avviare nuove riflessioni sui tanti modi in cui la Chiesa cattolica, tramite la Curia, l\u2019Accademia pontificia ed i Nunzi, le Universit\u00e0 pontificie, gli ordini e istituti religiosi ed i tanti movimenti laicali, \u00e8 riuscita a mantenere ben vivo il ruolo di ambasciatrice dell\u2019italiano anche in tempi pi\u00f9 recenti.<\/p>\n<p style=\"text-align: justify;\">Nel suo saluto di apertura, <strong>l\u2019Ambasciatore Pietro Sebastiani<\/strong> ha ringraziato gli <strong>autori Edoardo Buroni<\/strong>, <strong>Michele Colombo<\/strong>, <strong>Francesco De Toni<\/strong>, <strong>Francesco Pierno<\/strong>, <strong>Giuseppe Polimeni<\/strong> e il Presidente del Pontificio Consiglio della Cultura, <strong>il Cardinale Gianfranco Ravasi<\/strong>, autore della postfazione del libro. Soffermandosi poi sull\u2019importanza di presentare questo libro a Palazzo Borromeo, l\u2019Ambasciatore ha spiegato che fu lo stesso San Carlo Borromeo &#8211; ex-proprietario del palazzo che \u00e8 ora sede dell\u2019Ambasciata d\u2019Italia presso la Santa Sede &#8211; a \u201cporsi nel Cinquecento la questione della lingua della predicazione, cio\u00e8 della comunicabilit\u00e0 allo stesso tempo accompagnata dal decoro della retorica\u201d. Nella presentazione del volume, realizzato in concomitanza con il <strong>settimo centenario della morte di Dante<\/strong>, l\u2019Ambasciatore ha dichiarato che \u201cl\u2019italiano \u00e8 la lingua veicolare di molte nicchie di grandissimo valore: l\u2019Opera, la musica, l\u2019archeologia, la gastronomia\u2026\u201d e che viene diffusa nel mondo dal Santo Padre durante i suoi viaggi all\u2019estero, ricordando come persino a Ur dei Caldei, il punto centrale della religione del Libro, il Pontefice parl\u00f2 in italiano.<\/p>\n<p style=\"text-align: justify;\"><strong>L\u2019Ambasciatore Ettore Francesco Sequi<\/strong>, Segretario Generale del Ministero degli Affari Esteri e della Cooperazione Internazionale, ha affermato nel suo intervento che, grazie alla rete degli Istituti di Cultura all\u2019estero, ma non solo, \u00e8 stata <strong>celebrata con oltre 500 eventi in tutto il mondo la figura di Dante<\/strong>, Padre della Lingua italiana e uno dei massimi esempi del legame tra la Chiesa universale e la cultura italiana. Il Segretario Generale ha inoltre evidenziato il \u201clegame indissolubile tra la lingua italiana, Roma e il Pontefice\u201d e ha sottolineato in particolare che \u201cl\u2019attivit\u00e0 di diffusione della lingua italiana coinvolge anche comunit\u00e0 ben pi\u00f9 remote del pianeta grazie all&#8217;opera di tante missionarie di tanti missionari in molti casi italiani o comunque italofoni\u201d, facendo riferimento alla <strong>Conferenza dei missionari italiani nel mondo<\/strong> che si svolger\u00e0 alla Farnesina il 28 ottobre. Soffermandosi infine sul <strong>rapporto tra la diplomazia italiana e la diplomazia vaticana<\/strong>, l\u2019Ambasciatore Sequi ha messo in rilievo il \u201crispetto reciproco e profondo\u201d e la \u201cforte volont\u00e0 di collaborazione\u201d, in un \u201clegame rafforzato proprio dall&#8217;utilizzo della lingua italiana\u201d. Tra gli esempi di tale collaborazione \u00e8 stato citato proprio l\u2019evento \u201c<a href=\"it\/ambasciata\/news\/dall-ambasciata\/2021\/10\/fede-e-scienza-un-appello-per-la.html\">Faith and Science: Towards COP26<\/a>\u201d alla cui organizzazione ha contribuito attivamente questa Ambasciata.<\/p>\n<p style=\"text-align: justify;\">Oltre alla curatrice <strong>Rita Librandi<\/strong>, docente di Linguistica italiana e Storia della lingua italiana all\u2019Universit\u00e0 di Napoli \u201cL\u2019Orientale\u201d, sono intervenuti <strong>Claudio Marazzini<\/strong>, Presidente dell\u2019Accademia della Crusca, e <strong>Mons. Dario Edoardo Vigan\u00f2<\/strong>, Vice Cancelliere della Pontificia Accademia delle Scienze e della Pontificia Accademia delle Scienze Sociali. La moderazione \u00e8 stata affidata a<strong> Franca Giansoldati<\/strong>, vaticanista de \u201cIl Messaggero\u201d.<\/p>\n<p style=\"text-align: justify;\">\u00c8 possibile vedere la registrazione dell\u2019evento <a href=\"https:\/\/www.radioradicale.it\/scheda\/650041\/presentazione-del-libro-a-cura-di-rita-librandi-la-chiesa-e-litaliano-un-cammino-nel\"><strong>cliccando qui<\/strong><\/a>.<\/p>\n<p style=\"text-align: justify;\">\u00a0<\/p>\n<p style=\"text-align: center;\"><em>Photo credit<\/em>: Dicastero per la Comunicazione della Santa Sede<\/p>\n<p style=\"text-align: center;\"><img loading=\"lazy\" decoding=\"async\" style=\"display: block; margin-left: auto; margin-right: auto;\" src=\"resource\/img\/2021\/10\/vm191021104424_0022.jpg\" alt=\"vm191021104424 0022\" width=\"450\" height=\"300\" \/><\/p>\n<p style=\"text-align: center;\"><img loading=\"lazy\" decoding=\"async\" style=\"display: block; margin-left: auto; margin-right: auto;\" src=\"resource\/img\/2021\/10\/vm191021102812_0020.jpg\" alt=\"vm191021102812 0020\" width=\"450\" height=\"300\" \/><\/p>\n<p style=\"text-align: center;\"><img loading=\"lazy\" decoding=\"async\" style=\"display: block; margin-left: auto; margin-right: auto;\" src=\"resource\/img\/2021\/10\/vm191021105742_0039.jpg\" alt=\"vm191021105742 0039\" width=\"450\" height=\"300\" \/><\/p>\n<p style=\"text-align: center;\"><img loading=\"lazy\" decoding=\"async\" style=\"display: block; margin-left: auto; margin-right: auto;\" src=\"resource\/img\/2021\/10\/vm191021111852_0053.jpg\" alt=\"vm191021111852 0053\" width=\"450\" height=\"300\" \/><\/p>\n<p style=\"text-align: justify;\"><img loading=\"lazy\" decoding=\"async\" style=\"display: block; margin-left: auto; margin-right: auto;\" src=\"resource\/img\/2021\/10\/vm191021101804_0011.jpg\" alt=\"vm191021101804 0011\" width=\"450\" height=\"300\" \/><\/p>\n","protected":false},"excerpt":{"rendered":"Su invito dell\u2019Ambasciatore d\u2019Italia Pietro Sebastiani si \u00e8 svolta il 19 ottobre a Palazzo Borromeo, nell\u2019ambito della XXI Settimana della Lingua Italiana nel Mondo, la presentazione del libro \u201cLa Chiesa e l\u2019italiano: un cammino nel tempo e nel mondo\u201d, a cura di Rita Librandi (ed. Il Mulino). Si tratta di un volume realizzato su iniziativa [&hellip;]","protected":false},"author":1,"featured_media":0,"comment_status":"","ping_status":"","sticky":false,"template":"","format":"standard","meta":{"footnotes":""},"tags":[],"class_list":["post-1158","post","type-post","status-publish","format-standard","hentry"],"_links":{"self":[{"href":"https:\/\/ambsantasede.esteri.it\/it\/wp-json\/wp\/v2\/posts\/1158","targetHints":{"allow":["GET"]}}],"collection":[{"href":"https:\/\/ambsantasede.esteri.it\/it\/wp-json\/wp\/v2\/posts"}],"about":[{"href":"https:\/\/ambsantasede.esteri.it\/it\/wp-json\/wp\/v2\/types\/post"}],"author":[{"embeddable":true,"href":"https:\/\/ambsantasede.esteri.it\/it\/wp-json\/wp\/v2\/users\/1"}],"replies":[{"embeddable":true,"href":"https:\/\/ambsantasede.esteri.it\/it\/wp-json\/wp\/v2\/comments?post=1158"}],"version-history":[{"count":0,"href":"https:\/\/ambsantasede.esteri.it\/it\/wp-json\/wp\/v2\/posts\/1158\/revisions"}],"wp:attachment":[{"href":"https:\/\/ambsantasede.esteri.it\/it\/wp-json\/wp\/v2\/media?parent=1158"}],"wp:term":[{"taxonomy":"post_tag","embeddable":true,"href":"https:\/\/ambsantasede.esteri.it\/it\/wp-json\/wp\/v2\/tags?post=1158"}],"curies":[{"name":"wp","href":"https:\/\/api.w.org\/{rel}","templated":true}]}}