{"id":1107,"date":"2021-11-09T11:37:36","date_gmt":"2021-11-09T10:37:36","guid":{"rendered":"https:\/\/ambsantasede.esteri.it\/news\/dall_ambasciata\/2021\/11\/convegno-i-musei-ecclesiastici\/"},"modified":"2021-11-09T11:37:36","modified_gmt":"2021-11-09T10:37:36","slug":"convegno-i-musei-ecclesiastici","status":"publish","type":"post","link":"https:\/\/ambsantasede.esteri.it\/it\/news\/dall_ambasciata\/2021\/11\/convegno-i-musei-ecclesiastici\/","title":{"rendered":"Convegno \u201cI musei ecclesiastici testimoni di futuro\u201d"},"content":{"rendered":"<p style=\"text-align: justify;\">Gioved\u00ec 23 settembre 2021, in occasione dei vent\u2019anni dalla pubblicazione della <a href=\"https:\/\/www.vatican.va\/roman_curia\/pontifical_commissions\/pcchc\/documents\/rc_com_pcchc_20010815_funzione-musei_it.html\"><em>Lettera circolare sulla funzione pastorale dei Musei Ecclesiastici<\/em><\/a> della Pontificia Commissione per i Beni Culturali della Chiesa (29 giugno 2001), si \u00e8 svolto a Palazzo Borromeo il <a href=\"resource\/doc\/2021\/11\/musei_ecclesiastici_23_24set2021_programma.pdf\"><strong>convegno \u201cI Musei ecclesiastici testimoni di futuro\u201d<\/strong><\/a> organizzato con la Pontificia Universit\u00e0 Gregoriana. L\u2019iniziativa \u00e8 stata inoltre promossa dall\u2019Ufficio Nazionale per i beni culturali ecclesiastici e l\u2019edilizia di culto della Conferenza Episcopale Italiana (CEI), dal Pontificio Consiglio della Cultura, dalla Pontificia Universit\u00e0 Gregoriana &#8211; Facolt\u00e0 di Storia e Beni Culturali della Chiesa &#8211; Dipartimento dei Beni Culturali della Chiesa e dall\u2019Associazione Musei Ecclesiastici Italiani.<\/p>\n<p style=\"text-align: justify;\">Tra i partecipanti al convegno si annoverano: il Cardinal Ravasi, Presidente del Pontificio Consiglio della Cultura; Mons. Stefano Russo, Segretario Generale della CEI; Don Fabrizio Capanni, del Pontificio Consiglio della Cultura; Prof.ssa Maria Isabel Roque, docente presso l\u2019Universit\u00e0 Europea e l\u2019Universit\u00e0 Cattolica di Lisbona; il Prof. Ottavio Bucarelli e la Prof.ssa Ilaria Fiumi Sermattei della Pontificia Universit\u00e0 Gregoriana; Giovanni Gardini, Presidente dell\u2019AMEI; Prof. Giampaolo D\u2019Andrea, Consigliere del Ministero della Cultura.<\/p>\n<p style=\"text-align: justify;\">L\u2019Ambasciatore Sebastiani ha fatto riferimento nel suo saluto introduttivo alla Lettera circolare sulla funzione pastorale dei Musei Ecclesiastici e alla consapevolezza che un\u2019enorme percentuale del patrimonio italiano sia ricollegabile alla Chiesa e ai beni ecclesiastici.<\/p>\n<p style=\"text-align: justify;\">\u00c8 stato spesso ripetuto nel corso del convegno come la Lettera circolare in questione abbia dato il via alla realizzazione di una convergenza non solo tecnica ma soprattutto culturale sul tema della necessit\u00e0 di un equilibrato rapporto tra valorizzazione pastorale, tutela giuridica e conservazione materiale del territorio. Sotto questa prospettiva, i musei vengono descritti, come evidenziato dal Card. Ravasi, come \u201c<em>straordinarie casseforti dalle quali possiamo estrarre in qualsiasi momento delle ricchezze inestimabili<\/em>\u201d da saper valorizzare, immaginare e progettare con coraggio al fine di renderli nuovamente crocevia di dialogo con la societ\u00e0 contemporanea per l\u2019organizzazione di eventi e attivit\u00e0 didattiche.<\/p>\n<p style=\"text-align: justify;\">I musei vengono inoltre presentati non solo come strumenti di evangelizzazione, conservazione e promozione culturale, ma anche come luoghi in cui si documenta l\u2019evolversi della vita culturale e religiosa.<br \/>A tal proposito, nel corso del dialogo, Mons. Russo ha sollevato la necessit\u00e0 di una maggior formazione degli operatori dei beni culturali affinch\u00e9 i musei rimangano in vigile ascolto e dialogo con la mutevole societ\u00e0 e divengano cos\u00ec non solo capaci di raccontare quella che \u00e8 la storia della Chiesa, ma rendano possibile la creazione di un ponte tra contemporaneit\u00e0 e gloriosa tradizione.<\/p>\n<p>Per rivedere la registrazione dell&#8217;evento <a href=\"https:\/\/www.facebook.com\/watch\/live\/?ref=watch_permalink&#038;v=328522792381821\"><strong>cliccare qui<\/strong><\/a>.<\/p>\n<p>\u00a0<\/p>\n<p><img loading=\"lazy\" decoding=\"async\" style=\"display: block; margin-left: auto; margin-right: auto;\" src=\"resource\/img\/2021\/11\/locandina_versioneperweb.jpg\" alt=\"locandina versioneperweb\" width=\"450\" height=\"636\" \/><\/p>\n","protected":false},"excerpt":{"rendered":"Gioved\u00ec 23 settembre 2021, in occasione dei vent\u2019anni dalla pubblicazione della Lettera circolare sulla funzione pastorale dei Musei Ecclesiastici della Pontificia Commissione per i Beni Culturali della Chiesa (29 giugno 2001), si \u00e8 svolto a Palazzo Borromeo il convegno \u201cI Musei ecclesiastici testimoni di futuro\u201d organizzato con la Pontificia Universit\u00e0 Gregoriana. L\u2019iniziativa \u00e8 stata inoltre [&hellip;]","protected":false},"author":1,"featured_media":0,"comment_status":"","ping_status":"","sticky":false,"template":"","format":"standard","meta":{"footnotes":""},"tags":[],"class_list":["post-1107","post","type-post","status-publish","format-standard","hentry"],"_links":{"self":[{"href":"https:\/\/ambsantasede.esteri.it\/it\/wp-json\/wp\/v2\/posts\/1107","targetHints":{"allow":["GET"]}}],"collection":[{"href":"https:\/\/ambsantasede.esteri.it\/it\/wp-json\/wp\/v2\/posts"}],"about":[{"href":"https:\/\/ambsantasede.esteri.it\/it\/wp-json\/wp\/v2\/types\/post"}],"author":[{"embeddable":true,"href":"https:\/\/ambsantasede.esteri.it\/it\/wp-json\/wp\/v2\/users\/1"}],"replies":[{"embeddable":true,"href":"https:\/\/ambsantasede.esteri.it\/it\/wp-json\/wp\/v2\/comments?post=1107"}],"version-history":[{"count":0,"href":"https:\/\/ambsantasede.esteri.it\/it\/wp-json\/wp\/v2\/posts\/1107\/revisions"}],"wp:attachment":[{"href":"https:\/\/ambsantasede.esteri.it\/it\/wp-json\/wp\/v2\/media?parent=1107"}],"wp:term":[{"taxonomy":"post_tag","embeddable":true,"href":"https:\/\/ambsantasede.esteri.it\/it\/wp-json\/wp\/v2\/tags?post=1107"}],"curies":[{"name":"wp","href":"https:\/\/api.w.org\/{rel}","templated":true}]}}