{"id":1093,"date":"2021-11-24T12:17:52","date_gmt":"2021-11-24T11:17:52","guid":{"rendered":"https:\/\/ambsantasede.esteri.it\/news\/dall_ambasciata\/2021\/11\/presentazione-virtuale-del-libro\/"},"modified":"2021-11-24T12:17:52","modified_gmt":"2021-11-24T11:17:52","slug":"presentazione-virtuale-del-libro","status":"publish","type":"post","link":"https:\/\/ambsantasede.esteri.it\/it\/news\/dall_ambasciata\/2021\/11\/presentazione-virtuale-del-libro\/","title":{"rendered":"Presentazione virtuale del libro del Prof. Marco Magnani &#8220;Fatti non foste a viver come Robot. Crescita, lavoro, sostenibilit\u00e0: sopravvivere alla rivoluzione tecnologica (e alla pandemia)&#8221;"},"content":{"rendered":"<p style=\"text-align: justify;\">Mercoled\u00ec 17 novembre 2021 si \u00e8 svolta, su invito dell&#8217;Ambasciatore Pietro Sebastiani, la <strong>presentazione virtuale del libro<\/strong> <strong>del Professor Marco Magnani &#8220;Fatti non foste a viver come Robot. Crescita, lavoro, sostenibilit\u00e0: sopravvivere alla rivoluzione tecnologica (e alla pandemia)&#8221;<\/strong> edito da UTET.<\/p>\n<p style=\"text-align: justify;\">Un libro che, secondo quanto dichiarato dallo stesso Professor Magnani, riguarda la &#8220;sostenibilit\u00e0 a 360 gradi&#8221;, ovvero la sostenibilit\u00e0 ambientale, energetica, alimentare, demografica, sanitaria, sociale, ecc. Questa interconnessione tra le varie dimensioni &#8211; ha proseguito l&#8217;autore &#8211; \u00e8 stata sottolineata dalla <a href=\"it\/i-temi-internazionali\/un-ecologia-integrale.html\">parola \u201cecologia integrale\u201d descritta dal Santo Padre nell\u2019Enciclica <em>Laudato s\u00ec<\/em>.<\/a><\/p>\n<p style=\"text-align: justify;\">Oltre all\u2019autore del libro, tra i partecipanti all\u2019evento si annoverano: S.Em.za Rev.ma Cardinale Matteo Maria Zuppi, Arcivescovo di Bologna; Enrico Giovannini, Ministro delle Infrastrutture e della Mobilit\u00e0 sostenibili; Anna Maria Tarantola, Presidente della Fondazione Centesimus Annus. La moderazione \u00e8 stata affidata a Marco Tarquinio, Direttore di Avvenire. Al termine degli interventi \u00e8 seguito un dibattito con la partecipazione della politica e attivista Grazia Francescato e dalla liceale torinese Benedetta Gigli.<\/p>\n<p style=\"text-align: justify;\">L\u2019Ambasciatore Pietro Sebastiani ha aperto l\u2019evento sottolineando da una parte la necessit\u00e0 di massimizzare i benefici derivanti dall&#8217;intelligenza artificiale, dall\u2019altra di minimizzarne i rischi continuando a interrogarci sulle implicazioni di tipo etico prodotte da macchine sempre pi\u00f9 spesso dotate di processi decisionali autonomi. &#8220;Vanno messe assieme due realt\u00e0, scientifiche e valoriali, facendole dialogare fra di loro affinch\u00e9 ci sia una risposta coerente con le intenzioni umane&#8221; ha inoltre dichiarato. Sottolineando come nei rapporti tra uomini e macchine la dottrina sociale della Chiesa pu\u00f2 offrire un contributo decisivo, l&#8217;Ambasciatore ha fatto riferimento all&#8217;impegno che il Vaticano ha profuso sul tema, soffermandosi sulle <a href=\"it\/i-temi-internazionali\/l-etica-nell-intelligenza-artificiale.html\">attivit\u00e0 della Pontificia Accademia per la Vita condotte nel biennio 2019-2020 sulla &#8220;roboetica&#8221;<\/a> nell&#8217;ambito delle questioni etico-antropologiche connesse all&#8217;intelligenza artificiale.<\/p>\n<p style=\"text-align: justify;\">I successivi interventi hanno evidenziato inoltre come il libro del Professor Magnani ruoti principalmente attorno al tema della sostenibilit\u00e0 nella sua interezza. I partecipanti hanno condiviso l&#8217;importanza della dottrina sociale della Chiesa nel riconoscimento e regolamentazione delle criticit\u00e0 poste dalla tecnologia, oltre alla ricerca di soluzioni basate sull&#8217;introduzione di una roboetica.<\/p>\n<p style=\"text-align: justify;\">Anna Maria Tarantola ha ricordato il costante invito di Papa Francesco a cambiare l&#8217;attuale modello di sviluppo affinch\u00e9 sia ispirato all&#8217;ecologia integrale (umana, economica, sociale ed ambientale) e quindi orientato al bene comune e alla salvaguardia del pianeta. L\u2019&#8221;ecologia integrale&#8221;, secondo Anna Maria Tarantola, permetter\u00e0, grazie alla tecnologia, di cambiare positivamente il modello di sviluppo attuale e di realizzare l\u2019unione tra sostenibilit\u00e0, crescita economica equa e progressiva inclusione sociale.<\/p>\n<p style=\"text-align: justify;\">Un nuovo bilanciamento tra economia, societ\u00e0 e ambiente, quello evidenziato, che secondo il Ministro Giovannini dovrebbe partire dal cambiamento radicale di approccio di vita che ci chiede Papa Francesco con l&#8217;espressione &#8220;conversione ecologica&#8221;. Infatti, la crescita infinita del PIL non \u00e8 compatibile con la sostenibilit\u00e0 perch\u00e9 si scontra con i limiti planetari, mentre lo \u00e8 la crescita continua del benessere. \u00c8 per questo che &#8211; ha proseguito il Ministro Giovannini &#8211; sono quattro i pilastri della sostenibilit\u00e0: l&#8217;economia, la societ\u00e0, l&#8217;ambiente e il pilastro istituzionale. Per questo bisognerebbe auspicabilmente modificare i principi costituzionali a garanzia di una futura maggiore equit\u00e0 intergenerazionale, che \u00e8 appunto la base per la sostenibilit\u00e0. L&#8217;ecologia integrale ci insegna &#8211; ha dichiarato il Ministro &#8211; che le istituzioni devono essere simultanemtane al servizio delle persone e dell&#8217;ambiente.<\/p>\n<p style=\"text-align: justify;\">Il confronto sul tema si \u00e8 concluso con un quesito posto dal Cardinale Zuppi, il quale si \u00e8 domandato &#8211; pur riconoscendo l\u2019importanza dell&#8217;innovazione tecnologica &#8211; se in futuro la macchina potr\u00e0 veramente condizionare le persone ed in tal caso quale potr\u00e0 essere il ruolo delle fedi in questo contesto. Il Cardinale ha poi sottolineato la necessit\u00e0 di scelte politiche chiare per non farci condizionare dalle macchine e porre invece al centro la persona umana. Egli ha infine affermato che l&#8217;Enciclica \u201cFratelli tutti\u201d ci aiuta a guardare insieme e con speranza al futuro nella complessit\u00e0 della contemporanea sfida digitale.<\/p>\n<p style=\"text-align: justify;\">Per rivedere la registrazione dell&#8217;evento <a href=\"https:\/\/www.facebook.com\/138784446865119\/videos\/4719629961434058\"><span style=\"text-decoration: underline;\"><strong>cliccare qui<\/strong><\/span><\/a>.\u00a0<\/p>\n<p style=\"text-align: justify;\">\u00a0<\/p>\n<p style=\"text-align: justify;\"><img loading=\"lazy\" decoding=\"async\" style=\"margin: 0px 9px 0px 0px; float: left;\" src=\"resource\/img\/2021\/11\/amb.sebastiani_presentazione_magnani.jpg\" alt=\"amb.sebastiani presentazione magnani\" width=\"330\" height=\"186\" \/><\/p>\n<p style=\"text-align: justify;\"><img loading=\"lazy\" decoding=\"async\" style=\"margin: 0px 0px 0px 9px; float: right;\" src=\"resource\/img\/2021\/11\/marco_magnani.jpg\" alt=\"marco magnani\" width=\"330\" height=\"186\" \/><\/p>\n<p style=\"text-align: justify;\"><img loading=\"lazy\" decoding=\"async\" style=\"margin: 0px; float: right;\" src=\"resource\/img\/2021\/11\/marco_traquinio.jpg\" alt=\"marco traquinio\" width=\"330\" height=\"186\" \/><\/p>\n<p style=\"text-align: justify;\"><img loading=\"lazy\" decoding=\"async\" style=\"margin: 0px 9px 0px 0px; float: left;\" src=\"resource\/img\/2021\/11\/tarantola.jpg\" alt=\"tarantola\" width=\"330\" height=\"186\" \/><\/p>\n<p style=\"text-align: justify;\"><img loading=\"lazy\" decoding=\"async\" style=\"margin: 0px 9px 0px 0px; float: left;\" src=\"resource\/img\/2021\/11\/giovannini.jpg\" alt=\"giovannini\" width=\"330\" height=\"186\" \/><\/p>\n<p style=\"text-align: justify;\"><img loading=\"lazy\" decoding=\"async\" style=\"margin: 0px; float: right;\" src=\"resource\/img\/2021\/11\/card.zuppi.jpg\" alt=\"card.zuppi\" width=\"330\" height=\"186\" \/><\/p>\n","protected":false},"excerpt":{"rendered":"Mercoled\u00ec 17 novembre 2021 si \u00e8 svolta, su invito dell&#8217;Ambasciatore Pietro Sebastiani, la presentazione virtuale del libro del Professor Marco Magnani &#8220;Fatti non foste a viver come Robot. Crescita, lavoro, sostenibilit\u00e0: sopravvivere alla rivoluzione tecnologica (e alla pandemia)&#8221; edito da UTET. Un libro che, secondo quanto dichiarato dallo stesso Professor Magnani, riguarda la &#8220;sostenibilit\u00e0 a [&hellip;]","protected":false},"author":1,"featured_media":0,"comment_status":"","ping_status":"","sticky":false,"template":"","format":"standard","meta":{"footnotes":""},"tags":[],"class_list":["post-1093","post","type-post","status-publish","format-standard","hentry"],"_links":{"self":[{"href":"https:\/\/ambsantasede.esteri.it\/it\/wp-json\/wp\/v2\/posts\/1093","targetHints":{"allow":["GET"]}}],"collection":[{"href":"https:\/\/ambsantasede.esteri.it\/it\/wp-json\/wp\/v2\/posts"}],"about":[{"href":"https:\/\/ambsantasede.esteri.it\/it\/wp-json\/wp\/v2\/types\/post"}],"author":[{"embeddable":true,"href":"https:\/\/ambsantasede.esteri.it\/it\/wp-json\/wp\/v2\/users\/1"}],"replies":[{"embeddable":true,"href":"https:\/\/ambsantasede.esteri.it\/it\/wp-json\/wp\/v2\/comments?post=1093"}],"version-history":[{"count":0,"href":"https:\/\/ambsantasede.esteri.it\/it\/wp-json\/wp\/v2\/posts\/1093\/revisions"}],"wp:attachment":[{"href":"https:\/\/ambsantasede.esteri.it\/it\/wp-json\/wp\/v2\/media?parent=1093"}],"wp:term":[{"taxonomy":"post_tag","embeddable":true,"href":"https:\/\/ambsantasede.esteri.it\/it\/wp-json\/wp\/v2\/tags?post=1093"}],"curies":[{"name":"wp","href":"https:\/\/api.w.org\/{rel}","templated":true}]}}