{"id":1066,"date":"2022-01-13T11:47:41","date_gmt":"2022-01-13T10:47:41","guid":{"rendered":"https:\/\/ambsantasede.esteri.it\/news\/dall_ambasciata\/2022\/01\/il-cinema-memoria-visuale-per-il\/"},"modified":"2022-01-13T11:47:41","modified_gmt":"2022-01-13T10:47:41","slug":"il-cinema-memoria-visuale-per-il","status":"publish","type":"post","link":"https:\/\/ambsantasede.esteri.it\/it\/news\/dall_ambasciata\/2022\/01\/il-cinema-memoria-visuale-per-il\/","title":{"rendered":"\u201cIl cinema: memoria visuale per il futuro\u201d &#8211; Conferimento dell&#8217;onorificenza di Commendatore dell\u2019Ordine della Stella d&#8217;Italia a Monsignor Dario Edoardo Vigan\u00f2"},"content":{"rendered":"<p style=\"text-align: justify;\">Marted\u00ec 11 gennaio 2022 si \u00e8 svolto a Palazzo Borromeo l\u2019evento \u201c<strong>Il cinema: memoria visuale per il futuro<\/strong>\u201d con la partecipazione dell\u2019attore e regista <strong>Carlo Verdone<\/strong> e di <strong>Gianluca della Maggiore<\/strong> (Universit\u00e0 Telematica Internazionale UniNettuno). La moderazione dell\u2019incontro, trasmesso in diretta tv e streaming su Telepace, \u00e8 stata affidata alla giornalista RAI <strong>Chiara del Gaudio<\/strong>.<\/p>\n<p style=\"text-align: justify;\">In tale occasione, l\u2019Ambasciatore d\u2019Italia presso la Santa Sede Pietro Sebastiani ha conferito l\u2019<strong>Onorificenza di Commendatore dell\u2019Ordine della Stella d\u2019Italia a Monsignor Dario Edoardo Vigan\u00f2<\/strong>, Vice Cancelliere della Pontificia Accademia delle Scienze e della Pontificia Accademia delle Scienze Sociali.<\/p>\n<p style=\"text-align: justify;\">Nell\u2019esporre le motivazioni del conferimento dell\u2019onorificenza, l\u2019Ambasciatore Sebastiani ha messo in rilievo l\u2019assoluta rilevanza del <em>Curriculum Vitae<\/em> di Mons. Vigan\u00f2 ricordando i rilevantissimi incarichi ricoperti nel mondo accademico italiano, nelle universit\u00e0 e negli istituti di ricerca internazionali, i numerosi premi e riconoscimenti, la vasta attivit\u00e0 di ricerca e la vastissima pubblicistica. Le posizioni di altissimo rilievo ricoperte nella Curia, insieme alla presenza in prestigiosi ambiti della vita accademica e culturale dell\u2019Italia, rendono Mons. Vigan\u00f2 un preziosissimo anello di congiunzione tra la societ\u00e0 civile italiana e gli ambiti pontifici ed ecclesiastici nel favorire il progresso della cultura e della comunicazione.<\/p>\n<p style=\"text-align: justify;\">L\u2019Ambasciatore Sebastiani ha infine ringraziato Monsignor Vigan\u00f2 per la preziosa collaborazione di questi ultimi anni con questa Ambasciata nell\u2019organizzazione di numerose iniziative culturali di altissimo livello soprattutto sui rapporti tra la Santa Sede ed il cinema italiano.<\/p>\n<p style=\"text-align: justify;\">\u00a0<\/p>\n<p style=\"text-align: justify;\">Per rivedere la diretta di Telepace <a href=\"https:\/\/www.youtube.com\/watch?v=vKp7428m0eI&#038;t=8s\"><strong><span style=\"text-decoration: underline;\">clicca qui<\/span><\/strong><\/a>.<\/p>\n<p style=\"text-align: justify;\">\u00a0<\/p>\n<p style=\"text-align: justify;\"><img loading=\"lazy\" decoding=\"async\" style=\"display: block; margin-left: auto; margin-right: auto;\" src=\"resource\/img\/2022\/01\/gd000258.jpg\" alt=\"gd000258\" width=\"450\" height=\"299\" \/><\/p>\n<p style=\"text-align: justify;\"><img loading=\"lazy\" decoding=\"async\" style=\"display: block; margin-left: auto; margin-right: auto;\" src=\"resource\/img\/2022\/01\/gd000299.jpg\" alt=\"gd000299\" width=\"450\" height=\"299\" \/><\/p>\n<p style=\"text-align: justify;\"><img loading=\"lazy\" decoding=\"async\" style=\"display: block; margin-left: auto; margin-right: auto;\" src=\"resource\/img\/2022\/01\/gd000321.jpg\" alt=\"gd000321\" width=\"450\" height=\"299\" \/><\/p>\n<p style=\"text-align: justify;\">\u00a0<\/p>\n<p style=\"text-align: justify;\">\u00a0<\/p>\n","protected":false},"excerpt":{"rendered":"Marted\u00ec 11 gennaio 2022 si \u00e8 svolto a Palazzo Borromeo l\u2019evento \u201cIl cinema: memoria visuale per il futuro\u201d con la partecipazione dell\u2019attore e regista Carlo Verdone e di Gianluca della Maggiore (Universit\u00e0 Telematica Internazionale UniNettuno). La moderazione dell\u2019incontro, trasmesso in diretta tv e streaming su Telepace, \u00e8 stata affidata alla giornalista RAI Chiara del Gaudio. [&hellip;]","protected":false},"author":1,"featured_media":0,"comment_status":"","ping_status":"","sticky":false,"template":"","format":"standard","meta":{"footnotes":""},"tags":[],"class_list":["post-1066","post","type-post","status-publish","format-standard","hentry"],"_links":{"self":[{"href":"https:\/\/ambsantasede.esteri.it\/it\/wp-json\/wp\/v2\/posts\/1066","targetHints":{"allow":["GET"]}}],"collection":[{"href":"https:\/\/ambsantasede.esteri.it\/it\/wp-json\/wp\/v2\/posts"}],"about":[{"href":"https:\/\/ambsantasede.esteri.it\/it\/wp-json\/wp\/v2\/types\/post"}],"author":[{"embeddable":true,"href":"https:\/\/ambsantasede.esteri.it\/it\/wp-json\/wp\/v2\/users\/1"}],"replies":[{"embeddable":true,"href":"https:\/\/ambsantasede.esteri.it\/it\/wp-json\/wp\/v2\/comments?post=1066"}],"version-history":[{"count":0,"href":"https:\/\/ambsantasede.esteri.it\/it\/wp-json\/wp\/v2\/posts\/1066\/revisions"}],"wp:attachment":[{"href":"https:\/\/ambsantasede.esteri.it\/it\/wp-json\/wp\/v2\/media?parent=1066"}],"wp:term":[{"taxonomy":"post_tag","embeddable":true,"href":"https:\/\/ambsantasede.esteri.it\/it\/wp-json\/wp\/v2\/tags?post=1066"}],"curies":[{"name":"wp","href":"https:\/\/api.w.org\/{rel}","templated":true}]}}