{"id":1312,"date":"2021-05-26T15:00:28","date_gmt":"2021-05-26T13:00:28","guid":{"rendered":"https:\/\/ambsantasede.esteri.it\/news\/dall_ambasciata\/2021\/05\/evento-sulla-liberta-non-si-tratta-2\/"},"modified":"2021-05-26T15:00:28","modified_gmt":"2021-05-26T13:00:28","slug":"evento-sulla-liberta-non-si-tratta-2","status":"publish","type":"post","link":"https:\/\/ambsantasede.esteri.it\/en\/news\/dall_ambasciata\/2021\/05\/evento-sulla-liberta-non-si-tratta-2\/","title":{"rendered":"&#8220;Sulla libert\u00e0 non si tratta&#8221; event at Palazzo Borromeo \u2013 25th May 2021"},"content":{"rendered":"<p style=\"text-align: justify;\">On May 25th, 2021, in the cloister of Palazzo Borromeo, this Embassy hosted the event &#8220;<strong><em>Sulla libert\u00e0 non si tratta<\/em><\/strong>&#8221; and the presentation of the book by Mariapia Bonanate: &#8220;Io sono Joy. Un grido di libert\u00e0 dalla schiavit\u00f9 della tratta\u201d.<\/p>\n<p style=\"text-align: justify;\">After the greetings of Ambassador Pietro Sebastiani, the following spoke: Giulio Guarini (University of Tuscia), Giovanni Parapini (Director of RAI for Social Affairs), Mariapia Bonanate (Writer), Joy Ezechiel. Sister Gabriella Bottani (Coordinator Talitha Kum) closed the debate. Moderator: Maria Rita Cerimele (Focolare Movement &#8211; Committee for the preparation of the World Day against Trafficking).<\/p>\n<p>To watch the live broadcast on the <a href=\"https:\/\/www.facebook.com\/ItalyToHolySee\/\">Facebook page of this Embassy<\/a> <a href=\"https:\/\/www.facebook.com\/138784446865119\/videos\/2471205546358031\"><strong>click here<\/strong><\/a>.<\/p>\n<p>\u00a0<\/p>\n<p>\u00a0<\/p>\n<p><img loading=\"lazy\" decoding=\"async\" style=\"display: block; margin-left: auto; margin-right: auto;\" src=\"resource\/img\/2021\/05\/iosonojoy_cover.jpg\" alt=\"iosonojoy cover\" width=\"350\" height=\"504\" \/><\/p>\n","protected":false},"excerpt":{"rendered":"On May 25th, 2021, in the cloister of Palazzo Borromeo, this Embassy hosted the event &#8220;Sulla libert\u00e0 non si tratta&#8221; and the presentation of the book by Mariapia Bonanate: &#8220;Io sono Joy. Un grido di libert\u00e0 dalla schiavit\u00f9 della tratta\u201d. After the greetings of Ambassador Pietro Sebastiani, the following spoke: Giulio Guarini (University of Tuscia), [&hellip;]","protected":false},"author":1,"featured_media":0,"comment_status":"","ping_status":"","sticky":false,"template":"","format":"standard","meta":{"footnotes":""},"tags":[],"class_list":["post-1312","post","type-post","status-publish","format-standard","hentry"],"_links":{"self":[{"href":"https:\/\/ambsantasede.esteri.it\/en\/wp-json\/wp\/v2\/posts\/1312","targetHints":{"allow":["GET"]}}],"collection":[{"href":"https:\/\/ambsantasede.esteri.it\/en\/wp-json\/wp\/v2\/posts"}],"about":[{"href":"https:\/\/ambsantasede.esteri.it\/en\/wp-json\/wp\/v2\/types\/post"}],"author":[{"embeddable":true,"href":"https:\/\/ambsantasede.esteri.it\/en\/wp-json\/wp\/v2\/users\/1"}],"replies":[{"embeddable":true,"href":"https:\/\/ambsantasede.esteri.it\/en\/wp-json\/wp\/v2\/comments?post=1312"}],"version-history":[{"count":0,"href":"https:\/\/ambsantasede.esteri.it\/en\/wp-json\/wp\/v2\/posts\/1312\/revisions"}],"wp:attachment":[{"href":"https:\/\/ambsantasede.esteri.it\/en\/wp-json\/wp\/v2\/media?parent=1312"}],"wp:term":[{"taxonomy":"post_tag","embeddable":true,"href":"https:\/\/ambsantasede.esteri.it\/en\/wp-json\/wp\/v2\/tags?post=1312"}],"curies":[{"name":"wp","href":"https:\/\/api.w.org\/{rel}","templated":true}]}}